{"id":4429,"date":"2026-04-20T11:19:03","date_gmt":"2026-04-20T11:19:03","guid":{"rendered":"https:\/\/uz-izvor.hr\/?p=4429"},"modified":"2026-04-28T12:08:00","modified_gmt":"2026-04-28T12:08:00","slug":"javni_poziv_-za_iskaz_interesa_za_ukljucivanje_u_projekt_ruka-podrske","status":"publish","type":"post","link":"https:\/\/uz-izvor.hr\/en\/javni_poziv_-za_iskaz_interesa_za_ukljucivanje_u_projekt_ruka-podrske\/","title":{"rendered":"Javni poziv za iskaz interesa za uklju\u010divanje u projekt &#8220;Ruka podr\u0161ke&#8221;"},"content":{"rendered":"<p>Na temelju Ugovora o dodjeli bespovratnih sredstava, kodni broj: SF.3.4.11.04.0011 za projekt \u201eRuka podr\u0161ke \u2013 jer nitko ne bi trebao stariti sam&#8221;, koji je sufinanciran od Europske unije iz Europskog socijalnog fonda plus (ESF+) u financijskom razdoblju 2021. \u2013 2027., Udruga \u017eena \u201eIzvor&#8221; objavljuje<\/p>\n\n\n\n<h2 class=\"wp-block-heading has-text-align-center\">Javni poziv za iskaz interesa za uklju\u010divanje u projekt &#8220;Ruka podr\u0161ke &#8211;  jer nitko ne bi trebao stariti sam&#8221; SF.3.4.11.04.0011 <\/h2>\n\n\n\n<p>Javni poziv za iskaz interesa objavljuje se s ciljem informiranja zainteresiranih sudionika za uklju\u010divanje u projektne aktivnosti, odnosno o mogu\u0107nostima sudjelovanja u projektu \u201eRuka podr\u0161ke \u2013 jer nitko ne bi trebao stariti sam&#8221; za pru\u017eanje socijalnih usluga u zajednici na podru\u010dju Osje\u010dko-baranjske \u017eupanije.<\/p>\n\n\n\n<h2 class=\"wp-block-heading\"><strong>Projektne aktivnosti uklju\u010duju:<\/strong><\/h2>\n\n\n\n<ul class=\"wp-block-list\">\n<li>pru\u017eanje savjetodavne podr\u0161ke i pomo\u0107i u ostvarivanju prava iz mirovinskog, zdravstvenog i sustava socijalne skrbi<\/li>\n\n\n\n<li>organizirani prijevoz za starije osobe i osobe s invaliditetom za obavljanje svakodnevnih aktivnosti (lije\u010dni\u010dki pregledi, terapije, administrativne obaveze, dru\u0161tvene aktivnosti i dr.)<\/li>\n\n\n\n<li>organizaciju dnevnih aktivnosti \u2013 dnevni klubovi, tematske radionice (likovne, dramske, hortikulturne) i medicinsko-rekreativne aktivnosti<\/li>\n\n\n\n<li>socijalno-integrativne aktivnosti \u2013 edukacija o novim tehnologijama, e-uslugama te o\u010duvanju kognitivnih sposobnosti i samostalnosti<\/li>\n<\/ul>\n\n\n\n<p>Cilj projekta je pove\u0107ati kvalitetu \u017eivota i socijalnu uklju\u010denost sudionika kroz razvoj i pru\u017eanje dostupnih socijalnih usluga u zajednici, \u010dime se doprinosi njihovoj ve\u0107oj samostalnosti, aktivnom sudjelovanju u dru\u0161tvu i prevenciji institucionalizacije.<\/p>\n\n\n\n<h2 class=\"wp-block-heading\"><strong>Kriteriji (uvjeti) prihvatljivosti za sudionike projekta<\/strong>:<\/h2>\n\n\n\n<p>Na Javni poziv za iskaz interesa mogu se javiti:<\/p>\n\n\n\n<p><strong>1.&nbsp; <\/strong>Starije osobe (osobe od 65 ili vi\u0161e godina \u017eivota)<\/p>\n\n\n\n<p><strong>2.&nbsp; <\/strong>Odrasle osobe s invaliditetom (osobe od 18 ili vi\u0161e godina)<\/p>\n\n\n\n<p><strong>3.&nbsp; <\/strong>\u010clanovi obitelji\/udomiteljskih obitelji ranjivih (ciljnih) skupina<\/p>\n\n\n\n<h2 class=\"wp-block-heading\"><strong>Dokazna dokumentacija<\/strong>:<\/h2>\n\n\n\n<p><a href=\"https:\/\/uz-izvor.hr\/wp-content\/uploads\/2026\/04\/Dokazna_dokumentacija_Ruka_podrske.pdf\" target=\"_blank\" rel=\"noreferrer noopener\">Dokazna dokumentacija<\/a> za svaku ciljnu skupinu je poseban dokument koji je prilog ovom dokumentu, a za vi\u0161e informacija mo\u017eete se obratiti u ured Udruge \u017eena \u201eIzvor&#8221; (Glavna 78, 31309 Kne\u017eevi Vinogradi), pozivom na broj +385 31 730 182 ili putem e-maila: <a href=\"mailto:udruga.zena.izvor@gmail.com\">udruga.zena.izvor@gmail.com<\/a> .<\/p>\n\n\n\n<h2 class=\"wp-block-heading\"><strong>Na\u010din i rok prijave<\/strong>:<\/h2>\n\n\n\n<p>Prijave na Javni poziv za iskaz interesa zaprimaju se od 15. travnja 2026.godine te su mogu\u0107e <strong>tijekom cijelog trajanja projekta<\/strong>.<\/p>\n\n\n\n<p><a href=\"https:\/\/uz-izvor.hr\/wp-content\/uploads\/2026\/04\/Prijavnica_Ruka_podrske-2026-04.pdf\" target=\"_blank\" rel=\"noreferrer noopener\">Prijavni obrazac<\/a> za sudjelovanje u projektu je prilog ovom dokumentu, a mo\u017ee se preuzeti na internetskoj stranici Prijavitelja (uz-izvor.hr) te osobno u prostorijama Udruge \u017eena \u201eIzvor&#8221; (Glavna 78, Kne\u017eevi Vinogradi) i partnerske organizacije Op\u0107ine Kne\u017eevi Vinogradi (Ulica Hrvatske Republike 3, Kne\u017eevi Vinogradi).<\/p>\n\n\n\n<h2 class=\"wp-block-heading\"><strong>Na\u010din odabira sudionika u projektu<\/strong>:<\/h2>\n\n\n\n<p>Nakon zaprimanja iskaza interesa, Udruga \u017eena \u201eIzvor&#8221; izvr\u0161it \u0107e provjeru pripadnosti ciljnim skupinama prema navedenim kriterijima putem dokazne dokumentacije i izvr\u0161iti odabir onih sudionika koji su zadovoljili navedene kriterije.<\/p>\n\n\n\n<p>Prijave i uklju\u010divanje pripadnika ciljne skupine za sudjelovanje na projektu zaprimat \u0107e se prema redoslijedu podno\u0161enja prijava o \u010demu \u0107e se voditi evidencija.<\/p>\n\n\n\n<h2 class=\"wp-block-heading\"><strong>Prikupljanje osobnih podataka<\/strong>:<\/h2>\n\n\n\n<p>Svi osobni podaci prikupljeni na temelju ovog Javnog poziva prikupljaju se i obra\u0111uju u svrhu provedbe Javnog poziva i obrade iskaza interesa, provedbe i kontrole projekta \u201eRuka podr\u0161ke&#8221; SF.3.4.11.04.0011, u skladu s propisima koji ure\u0111uju za\u0161titu osobnih i drugih podataka, posebno Uredbom (EU) 2016\/679 Europskog parlamenta i Vije\u0107a od 27. travnja 2016. o za\u0161titi pojedinaca u vezi s obradom osobnih podataka i o slobodnom kretanju takvih podataka te o stavljanju izvan snage Direktive 95\/46\/EZ (Op\u0107a uredba o za\u0161titi podataka), te odredbama Zakona o provedbi Op\u0107e uredbe o za\u0161titi podataka (\u201eNarodne novine&#8221;, broj 42\/18).<\/p>\n\n\n\n<p><strong>Tekst Javnog poziva<\/strong> mo\u017eete preuzeti <a href=\"https:\/\/uz-izvor.hr\/wp-content\/uploads\/2026\/04\/Javni_poziv_Ruka_podrske-2026-04.pdf\" target=\"_blank\" rel=\"noreferrer noopener\">OVDJE<\/a>.<\/p>\n\n\n\n<p><strong>Prijavni obrazac<\/strong> mo\u017eete preuzeti <a href=\"https:\/\/uz-izvor.hr\/wp-content\/uploads\/2026\/04\/Prijavnica_Ruka_podrske-2026-04.pdf\" target=\"_blank\" rel=\"noreferrer noopener\">OVDJE<\/a>.<\/p>\n\n\n\n<p>Prilog <strong>Dokazna dokumentacija<\/strong> mo\u017eete preuzeti <a href=\"https:\/\/uz-izvor.hr\/wp-content\/uploads\/2026\/04\/Dokazna_dokumentacija_Ruka_podrske.pdf\" target=\"_blank\" rel=\"noreferrer noopener\">OVDJE<\/a>.<\/p>\n\n\n\n<figure class=\"wp-block-image size-large\"><img fetchpriority=\"high\" decoding=\"async\" width=\"1024\" height=\"91\" src=\"https:\/\/uz-izvor.hr\/wp-content\/uploads\/2026\/04\/LENTA-1024x91.png\" alt=\"\" class=\"wp-image-4430\" srcset=\"https:\/\/uz-izvor.hr\/wp-content\/uploads\/2026\/04\/LENTA-1024x91.png 1024w, https:\/\/uz-izvor.hr\/wp-content\/uploads\/2026\/04\/LENTA-300x27.png 300w, https:\/\/uz-izvor.hr\/wp-content\/uploads\/2026\/04\/LENTA-768x68.png 768w, https:\/\/uz-izvor.hr\/wp-content\/uploads\/2026\/04\/LENTA-1536x136.png 1536w, https:\/\/uz-izvor.hr\/wp-content\/uploads\/2026\/04\/LENTA-18x2.png 18w, https:\/\/uz-izvor.hr\/wp-content\/uploads\/2026\/04\/LENTA-650x58.png 650w, https:\/\/uz-izvor.hr\/wp-content\/uploads\/2026\/04\/LENTA.png 2008w\" sizes=\"(max-width: 1024px) 100vw, 1024px\" \/><\/figure>\n\n\n\n<p><\/p>","protected":false},"excerpt":{"rendered":"<p>Na temelju Ugovora o dodjeli bespovratnih sredstava, kodni broj: SF.3.4.11.04.0011 za projekt \u201eRuka podr\u0161ke \u2013 [&hellip;]<\/p>\n","protected":false},"author":2,"featured_media":4434,"comment_status":"closed","ping_status":"open","sticky":false,"template":"","format":"standard","meta":{"footnotes":""},"categories":[40,7],"tags":[],"class_list":["post-4429","post","type-post","status-publish","format-standard","has-post-thumbnail","hentry","category-ruka-podrske","category-vijesti"],"yoast_head":"<!-- This site is optimized with the Yoast SEO plugin v27.3 - https:\/\/yoast.com\/product\/yoast-seo-wordpress\/ -->\n<title>Javni poziv za iskaz interesa za uklju\u010divanje u projekt &quot;Ruka podr\u0161ke&quot; - Udruga \u017eena &quot;Izvor&quot;<\/title>\n<meta name=\"description\" content=\"Javni poziv za iskaz interesa s ciljem informiranja zainteresiranih sudionika za uklju\u010divanje u projektne aktivnosti u projektu \u201eRuka ...\" \/>\n<meta name=\"robots\" content=\"index, follow, max-snippet:-1, max-image-preview:large, max-video-preview:-1\" \/>\n<link rel=\"canonical\" href=\"https:\/\/uz-izvor.hr\/en\/javni_poziv_-za_iskaz_interesa_za_ukljucivanje_u_projekt_ruka-podrske\/\" \/>\n<meta property=\"og:locale\" content=\"en_US\" \/>\n<meta property=\"og:type\" content=\"article\" \/>\n<meta property=\"og:title\" content=\"Javni poziv za iskaz interesa za uklju\u010divanje u projekt &quot;Ruka podr\u0161ke&quot; - Udruga \u017eena &quot;Izvor&quot;\" \/>\n<meta property=\"og:description\" content=\"Javni poziv za iskaz interesa s ciljem informiranja zainteresiranih sudionika za uklju\u010divanje u projektne aktivnosti u projektu \u201eRuka ...\" \/>\n<meta property=\"og:url\" content=\"https:\/\/uz-izvor.hr\/en\/javni_poziv_-za_iskaz_interesa_za_ukljucivanje_u_projekt_ruka-podrske\/\" \/>\n<meta property=\"og:site_name\" content=\"Udruga \u017eena &quot;Izvor&quot;\" \/>\n<meta property=\"article:publisher\" content=\"https:\/\/www.facebook.com\/profile.php?id=100090681250286\" \/>\n<meta property=\"article:published_time\" content=\"2026-04-20T11:19:03+00:00\" \/>\n<meta property=\"article:modified_time\" content=\"2026-04-28T12:08:00+00:00\" \/>\n<meta property=\"og:image\" content=\"https:\/\/uz-izvor.hr\/wp-content\/uploads\/2026\/04\/Javni_poziv_Ruka_podrske_naslovnica.png\" \/>\n\t<meta property=\"og:image:width\" content=\"1360\" \/>\n\t<meta property=\"og:image:height\" content=\"770\" \/>\n\t<meta property=\"og:image:type\" content=\"image\/png\" \/>\n<meta name=\"author\" content=\"Udruga \u017eena Izvor\" \/>\n<meta name=\"twitter:card\" content=\"summary_large_image\" \/>\n<meta name=\"twitter:label1\" content=\"Written by\" \/>\n\t<meta name=\"twitter:data1\" content=\"Udruga \u017eena Izvor\" \/>\n\t<meta name=\"twitter:label2\" content=\"Est. reading time\" \/>\n\t<meta name=\"twitter:data2\" content=\"4 minutes\" \/>\n<script type=\"application\/ld+json\" class=\"yoast-schema-graph\">{\"@context\":\"https:\\\/\\\/schema.org\",\"@graph\":[{\"@type\":\"Article\",\"@id\":\"https:\\\/\\\/uz-izvor.hr\\\/javni_poziv_-za_iskaz_interesa_za_ukljucivanje_u_projekt_ruka-podrske\\\/#article\",\"isPartOf\":{\"@id\":\"https:\\\/\\\/uz-izvor.hr\\\/javni_poziv_-za_iskaz_interesa_za_ukljucivanje_u_projekt_ruka-podrske\\\/\"},\"author\":{\"name\":\"Udruga \u017eena Izvor\",\"@id\":\"https:\\\/\\\/uz-izvor.hr\\\/#\\\/schema\\\/person\\\/ba3079113f8461ad4f1be4299dcb27ba\"},\"headline\":\"Javni poziv za iskaz interesa za uklju\u010divanje u projekt &#8220;Ruka podr\u0161ke&#8221;\",\"datePublished\":\"2026-04-20T11:19:03+00:00\",\"dateModified\":\"2026-04-28T12:08:00+00:00\",\"mainEntityOfPage\":{\"@id\":\"https:\\\/\\\/uz-izvor.hr\\\/javni_poziv_-za_iskaz_interesa_za_ukljucivanje_u_projekt_ruka-podrske\\\/\"},\"wordCount\":579,\"publisher\":{\"@id\":\"https:\\\/\\\/uz-izvor.hr\\\/#organization\"},\"image\":{\"@id\":\"https:\\\/\\\/uz-izvor.hr\\\/javni_poziv_-za_iskaz_interesa_za_ukljucivanje_u_projekt_ruka-podrske\\\/#primaryimage\"},\"thumbnailUrl\":\"https:\\\/\\\/uz-izvor.hr\\\/wp-content\\\/uploads\\\/2026\\\/04\\\/Javni_poziv_Ruka_podrske_naslovnica.png\",\"articleSection\":[\"Ruka podr\u0161ke\",\"Vijesti\"],\"inLanguage\":\"en-US\"},{\"@type\":\"WebPage\",\"@id\":\"https:\\\/\\\/uz-izvor.hr\\\/javni_poziv_-za_iskaz_interesa_za_ukljucivanje_u_projekt_ruka-podrske\\\/\",\"url\":\"https:\\\/\\\/uz-izvor.hr\\\/javni_poziv_-za_iskaz_interesa_za_ukljucivanje_u_projekt_ruka-podrske\\\/\",\"name\":\"Javni poziv za iskaz interesa za uklju\u010divanje u projekt \\\"Ruka podr\u0161ke\\\" - Udruga \u017eena &quot;Izvor&quot;\",\"isPartOf\":{\"@id\":\"https:\\\/\\\/uz-izvor.hr\\\/#website\"},\"primaryImageOfPage\":{\"@id\":\"https:\\\/\\\/uz-izvor.hr\\\/javni_poziv_-za_iskaz_interesa_za_ukljucivanje_u_projekt_ruka-podrske\\\/#primaryimage\"},\"image\":{\"@id\":\"https:\\\/\\\/uz-izvor.hr\\\/javni_poziv_-za_iskaz_interesa_za_ukljucivanje_u_projekt_ruka-podrske\\\/#primaryimage\"},\"thumbnailUrl\":\"https:\\\/\\\/uz-izvor.hr\\\/wp-content\\\/uploads\\\/2026\\\/04\\\/Javni_poziv_Ruka_podrske_naslovnica.png\",\"datePublished\":\"2026-04-20T11:19:03+00:00\",\"dateModified\":\"2026-04-28T12:08:00+00:00\",\"description\":\"Javni poziv za iskaz interesa s ciljem informiranja zainteresiranih sudionika za uklju\u010divanje u projektne aktivnosti u projektu \u201eRuka ...\",\"breadcrumb\":{\"@id\":\"https:\\\/\\\/uz-izvor.hr\\\/javni_poziv_-za_iskaz_interesa_za_ukljucivanje_u_projekt_ruka-podrske\\\/#breadcrumb\"},\"inLanguage\":\"en-US\",\"potentialAction\":[{\"@type\":\"ReadAction\",\"target\":[\"https:\\\/\\\/uz-izvor.hr\\\/javni_poziv_-za_iskaz_interesa_za_ukljucivanje_u_projekt_ruka-podrske\\\/\"]}]},{\"@type\":\"ImageObject\",\"inLanguage\":\"en-US\",\"@id\":\"https:\\\/\\\/uz-izvor.hr\\\/javni_poziv_-za_iskaz_interesa_za_ukljucivanje_u_projekt_ruka-podrske\\\/#primaryimage\",\"url\":\"https:\\\/\\\/uz-izvor.hr\\\/wp-content\\\/uploads\\\/2026\\\/04\\\/Javni_poziv_Ruka_podrske_naslovnica.png\",\"contentUrl\":\"https:\\\/\\\/uz-izvor.hr\\\/wp-content\\\/uploads\\\/2026\\\/04\\\/Javni_poziv_Ruka_podrske_naslovnica.png\",\"width\":1360,\"height\":770,\"caption\":\"Javni poziv za sudjelovanje Ruka podr\u0161ke\"},{\"@type\":\"BreadcrumbList\",\"@id\":\"https:\\\/\\\/uz-izvor.hr\\\/javni_poziv_-za_iskaz_interesa_za_ukljucivanje_u_projekt_ruka-podrske\\\/#breadcrumb\",\"itemListElement\":[{\"@type\":\"ListItem\",\"position\":1,\"name\":\"Po\u010detna stranica\",\"item\":\"https:\\\/\\\/uz-izvor.hr\\\/\"},{\"@type\":\"ListItem\",\"position\":2,\"name\":\"Javni poziv za iskaz interesa za uklju\u010divanje u projekt &#8220;Ruka podr\u0161ke&#8221;\"}]},{\"@type\":\"WebSite\",\"@id\":\"https:\\\/\\\/uz-izvor.hr\\\/#website\",\"url\":\"https:\\\/\\\/uz-izvor.hr\\\/\",\"name\":\"Udruga \u017eena \\\"Izvor\\\"\",\"description\":\"Web stranica udruge \u017eena &quot;Izvor&quot;\",\"publisher\":{\"@id\":\"https:\\\/\\\/uz-izvor.hr\\\/#organization\"},\"potentialAction\":[{\"@type\":\"SearchAction\",\"target\":{\"@type\":\"EntryPoint\",\"urlTemplate\":\"https:\\\/\\\/uz-izvor.hr\\\/?s={search_term_string}\"},\"query-input\":{\"@type\":\"PropertyValueSpecification\",\"valueRequired\":true,\"valueName\":\"search_term_string\"}}],\"inLanguage\":\"en-US\"},{\"@type\":\"Organization\",\"@id\":\"https:\\\/\\\/uz-izvor.hr\\\/#organization\",\"name\":\"Udruga \u017eena \\\"Izvor\\\"\",\"url\":\"https:\\\/\\\/uz-izvor.hr\\\/\",\"logo\":{\"@type\":\"ImageObject\",\"inLanguage\":\"en-US\",\"@id\":\"https:\\\/\\\/uz-izvor.hr\\\/#\\\/schema\\\/logo\\\/image\\\/\",\"url\":\"https:\\\/\\\/uz-izvor.hr\\\/wp-content\\\/uploads\\\/2024\\\/03\\\/Izvor-logo-header-2.png\",\"contentUrl\":\"https:\\\/\\\/uz-izvor.hr\\\/wp-content\\\/uploads\\\/2024\\\/03\\\/Izvor-logo-header-2.png\",\"width\":356,\"height\":78,\"caption\":\"Udruga \u017eena \\\"Izvor\\\"\"},\"image\":{\"@id\":\"https:\\\/\\\/uz-izvor.hr\\\/#\\\/schema\\\/logo\\\/image\\\/\"},\"sameAs\":[\"https:\\\/\\\/www.facebook.com\\\/profile.php?id=100090681250286\"]},{\"@type\":\"Person\",\"@id\":\"https:\\\/\\\/uz-izvor.hr\\\/#\\\/schema\\\/person\\\/ba3079113f8461ad4f1be4299dcb27ba\",\"name\":\"Udruga \u017eena Izvor\",\"image\":{\"@type\":\"ImageObject\",\"inLanguage\":\"en-US\",\"@id\":\"https:\\\/\\\/secure.gravatar.com\\\/avatar\\\/3eb043bed2aed6aa8304ef00eeab275b74962114ec00776c9bc002105df5d9b0?s=96&d=mm&r=g\",\"url\":\"https:\\\/\\\/secure.gravatar.com\\\/avatar\\\/3eb043bed2aed6aa8304ef00eeab275b74962114ec00776c9bc002105df5d9b0?s=96&d=mm&r=g\",\"contentUrl\":\"https:\\\/\\\/secure.gravatar.com\\\/avatar\\\/3eb043bed2aed6aa8304ef00eeab275b74962114ec00776c9bc002105df5d9b0?s=96&d=mm&r=g\",\"caption\":\"Udruga \u017eena Izvor\"},\"url\":\"https:\\\/\\\/uz-izvor.hr\\\/en\\\/author\\\/udruga-zena-izvor\\\/\"}]}<\/script>\n<!-- \/ Yoast SEO plugin. -->","yoast_head_json":{"title":"Javni poziv za iskaz interesa za uklju\u010divanje u projekt \"Ruka podr\u0161ke\" - Udruga \u017eena &quot;Izvor&quot;","description":"Javni poziv za iskaz interesa s ciljem informiranja zainteresiranih sudionika za uklju\u010divanje u projektne aktivnosti u projektu \u201eRuka ...","robots":{"index":"index","follow":"follow","max-snippet":"max-snippet:-1","max-image-preview":"max-image-preview:large","max-video-preview":"max-video-preview:-1"},"canonical":"https:\/\/uz-izvor.hr\/en\/javni_poziv_-za_iskaz_interesa_za_ukljucivanje_u_projekt_ruka-podrske\/","og_locale":"en_US","og_type":"article","og_title":"Javni poziv za iskaz interesa za uklju\u010divanje u projekt \"Ruka podr\u0161ke\" - Udruga \u017eena &quot;Izvor&quot;","og_description":"Javni poziv za iskaz interesa s ciljem informiranja zainteresiranih sudionika za uklju\u010divanje u projektne aktivnosti u projektu \u201eRuka ...","og_url":"https:\/\/uz-izvor.hr\/en\/javni_poziv_-za_iskaz_interesa_za_ukljucivanje_u_projekt_ruka-podrske\/","og_site_name":"Udruga \u017eena &quot;Izvor&quot;","article_publisher":"https:\/\/www.facebook.com\/profile.php?id=100090681250286","article_published_time":"2026-04-20T11:19:03+00:00","article_modified_time":"2026-04-28T12:08:00+00:00","og_image":[{"width":1360,"height":770,"url":"https:\/\/uz-izvor.hr\/wp-content\/uploads\/2026\/04\/Javni_poziv_Ruka_podrske_naslovnica.png","type":"image\/png"}],"author":"Udruga \u017eena Izvor","twitter_card":"summary_large_image","twitter_misc":{"Written by":"Udruga \u017eena Izvor","Est. reading time":"4 minutes"},"schema":{"@context":"https:\/\/schema.org","@graph":[{"@type":"Article","@id":"https:\/\/uz-izvor.hr\/javni_poziv_-za_iskaz_interesa_za_ukljucivanje_u_projekt_ruka-podrske\/#article","isPartOf":{"@id":"https:\/\/uz-izvor.hr\/javni_poziv_-za_iskaz_interesa_za_ukljucivanje_u_projekt_ruka-podrske\/"},"author":{"name":"Udruga \u017eena Izvor","@id":"https:\/\/uz-izvor.hr\/#\/schema\/person\/ba3079113f8461ad4f1be4299dcb27ba"},"headline":"Javni poziv za iskaz interesa za uklju\u010divanje u projekt &#8220;Ruka podr\u0161ke&#8221;","datePublished":"2026-04-20T11:19:03+00:00","dateModified":"2026-04-28T12:08:00+00:00","mainEntityOfPage":{"@id":"https:\/\/uz-izvor.hr\/javni_poziv_-za_iskaz_interesa_za_ukljucivanje_u_projekt_ruka-podrske\/"},"wordCount":579,"publisher":{"@id":"https:\/\/uz-izvor.hr\/#organization"},"image":{"@id":"https:\/\/uz-izvor.hr\/javni_poziv_-za_iskaz_interesa_za_ukljucivanje_u_projekt_ruka-podrske\/#primaryimage"},"thumbnailUrl":"https:\/\/uz-izvor.hr\/wp-content\/uploads\/2026\/04\/Javni_poziv_Ruka_podrske_naslovnica.png","articleSection":["Ruka podr\u0161ke","Vijesti"],"inLanguage":"en-US"},{"@type":"WebPage","@id":"https:\/\/uz-izvor.hr\/javni_poziv_-za_iskaz_interesa_za_ukljucivanje_u_projekt_ruka-podrske\/","url":"https:\/\/uz-izvor.hr\/javni_poziv_-za_iskaz_interesa_za_ukljucivanje_u_projekt_ruka-podrske\/","name":"Javni poziv za iskaz interesa za uklju\u010divanje u projekt \"Ruka podr\u0161ke\" - Udruga \u017eena &quot;Izvor&quot;","isPartOf":{"@id":"https:\/\/uz-izvor.hr\/#website"},"primaryImageOfPage":{"@id":"https:\/\/uz-izvor.hr\/javni_poziv_-za_iskaz_interesa_za_ukljucivanje_u_projekt_ruka-podrske\/#primaryimage"},"image":{"@id":"https:\/\/uz-izvor.hr\/javni_poziv_-za_iskaz_interesa_za_ukljucivanje_u_projekt_ruka-podrske\/#primaryimage"},"thumbnailUrl":"https:\/\/uz-izvor.hr\/wp-content\/uploads\/2026\/04\/Javni_poziv_Ruka_podrske_naslovnica.png","datePublished":"2026-04-20T11:19:03+00:00","dateModified":"2026-04-28T12:08:00+00:00","description":"Javni poziv za iskaz interesa s ciljem informiranja zainteresiranih sudionika za uklju\u010divanje u projektne aktivnosti u projektu \u201eRuka ...","breadcrumb":{"@id":"https:\/\/uz-izvor.hr\/javni_poziv_-za_iskaz_interesa_za_ukljucivanje_u_projekt_ruka-podrske\/#breadcrumb"},"inLanguage":"en-US","potentialAction":[{"@type":"ReadAction","target":["https:\/\/uz-izvor.hr\/javni_poziv_-za_iskaz_interesa_za_ukljucivanje_u_projekt_ruka-podrske\/"]}]},{"@type":"ImageObject","inLanguage":"en-US","@id":"https:\/\/uz-izvor.hr\/javni_poziv_-za_iskaz_interesa_za_ukljucivanje_u_projekt_ruka-podrske\/#primaryimage","url":"https:\/\/uz-izvor.hr\/wp-content\/uploads\/2026\/04\/Javni_poziv_Ruka_podrske_naslovnica.png","contentUrl":"https:\/\/uz-izvor.hr\/wp-content\/uploads\/2026\/04\/Javni_poziv_Ruka_podrske_naslovnica.png","width":1360,"height":770,"caption":"Javni poziv za sudjelovanje Ruka podr\u0161ke"},{"@type":"BreadcrumbList","@id":"https:\/\/uz-izvor.hr\/javni_poziv_-za_iskaz_interesa_za_ukljucivanje_u_projekt_ruka-podrske\/#breadcrumb","itemListElement":[{"@type":"ListItem","position":1,"name":"Po\u010detna stranica","item":"https:\/\/uz-izvor.hr\/"},{"@type":"ListItem","position":2,"name":"Javni poziv za iskaz interesa za uklju\u010divanje u projekt &#8220;Ruka podr\u0161ke&#8221;"}]},{"@type":"WebSite","@id":"https:\/\/uz-izvor.hr\/#website","url":"https:\/\/uz-izvor.hr\/","name":"Udruga \u017eena \"Izvor\"","description":"Web stranica udruge \u017eena &quot;Izvor&quot;","publisher":{"@id":"https:\/\/uz-izvor.hr\/#organization"},"potentialAction":[{"@type":"SearchAction","target":{"@type":"EntryPoint","urlTemplate":"https:\/\/uz-izvor.hr\/?s={search_term_string}"},"query-input":{"@type":"PropertyValueSpecification","valueRequired":true,"valueName":"search_term_string"}}],"inLanguage":"en-US"},{"@type":"Organization","@id":"https:\/\/uz-izvor.hr\/#organization","name":"Udruga \u017eena \"Izvor\"","url":"https:\/\/uz-izvor.hr\/","logo":{"@type":"ImageObject","inLanguage":"en-US","@id":"https:\/\/uz-izvor.hr\/#\/schema\/logo\/image\/","url":"https:\/\/uz-izvor.hr\/wp-content\/uploads\/2024\/03\/Izvor-logo-header-2.png","contentUrl":"https:\/\/uz-izvor.hr\/wp-content\/uploads\/2024\/03\/Izvor-logo-header-2.png","width":356,"height":78,"caption":"Udruga \u017eena \"Izvor\""},"image":{"@id":"https:\/\/uz-izvor.hr\/#\/schema\/logo\/image\/"},"sameAs":["https:\/\/www.facebook.com\/profile.php?id=100090681250286"]},{"@type":"Person","@id":"https:\/\/uz-izvor.hr\/#\/schema\/person\/ba3079113f8461ad4f1be4299dcb27ba","name":"Udruga \u017eena Izvor","image":{"@type":"ImageObject","inLanguage":"en-US","@id":"https:\/\/secure.gravatar.com\/avatar\/3eb043bed2aed6aa8304ef00eeab275b74962114ec00776c9bc002105df5d9b0?s=96&d=mm&r=g","url":"https:\/\/secure.gravatar.com\/avatar\/3eb043bed2aed6aa8304ef00eeab275b74962114ec00776c9bc002105df5d9b0?s=96&d=mm&r=g","contentUrl":"https:\/\/secure.gravatar.com\/avatar\/3eb043bed2aed6aa8304ef00eeab275b74962114ec00776c9bc002105df5d9b0?s=96&d=mm&r=g","caption":"Udruga \u017eena Izvor"},"url":"https:\/\/uz-izvor.hr\/en\/author\/udruga-zena-izvor\/"}]}},"_links":{"self":[{"href":"https:\/\/uz-izvor.hr\/en\/wp-json\/wp\/v2\/posts\/4429","targetHints":{"allow":["GET"]}}],"collection":[{"href":"https:\/\/uz-izvor.hr\/en\/wp-json\/wp\/v2\/posts"}],"about":[{"href":"https:\/\/uz-izvor.hr\/en\/wp-json\/wp\/v2\/types\/post"}],"author":[{"embeddable":true,"href":"https:\/\/uz-izvor.hr\/en\/wp-json\/wp\/v2\/users\/2"}],"replies":[{"embeddable":true,"href":"https:\/\/uz-izvor.hr\/en\/wp-json\/wp\/v2\/comments?post=4429"}],"version-history":[{"count":1,"href":"https:\/\/uz-izvor.hr\/en\/wp-json\/wp\/v2\/posts\/4429\/revisions"}],"predecessor-version":[{"id":4435,"href":"https:\/\/uz-izvor.hr\/en\/wp-json\/wp\/v2\/posts\/4429\/revisions\/4435"}],"wp:featuredmedia":[{"embeddable":true,"href":"https:\/\/uz-izvor.hr\/en\/wp-json\/wp\/v2\/media\/4434"}],"wp:attachment":[{"href":"https:\/\/uz-izvor.hr\/en\/wp-json\/wp\/v2\/media?parent=4429"}],"wp:term":[{"taxonomy":"category","embeddable":true,"href":"https:\/\/uz-izvor.hr\/en\/wp-json\/wp\/v2\/categories?post=4429"},{"taxonomy":"post_tag","embeddable":true,"href":"https:\/\/uz-izvor.hr\/en\/wp-json\/wp\/v2\/tags?post=4429"}],"curies":[{"name":"wp","href":"https:\/\/api.w.org\/{rel}","templated":true}]}}