{"id":4426,"date":"2026-04-28T09:40:30","date_gmt":"2026-04-28T09:40:30","guid":{"rendered":"https:\/\/uz-izvor.hr\/?p=4426"},"modified":"2026-04-28T09:40:31","modified_gmt":"2026-04-28T09:40:31","slug":"inkluzivni-dodatak-upute-za-nasljednike","status":"publish","type":"post","link":"https:\/\/uz-izvor.hr\/en\/inkluzivni-dodatak-upute-za-nasljednike\/","title":{"rendered":"Inkluzivni dodatak &#8211; upute za nasljednike"},"content":{"rendered":"<p>Gubitak voljene osobe donosi sa sobom i mno\u0161tvo administrativnih pitanja na koja \u010desto nema tko odgovoriti. Jedno od njih je i ovo: \u0161to se doga\u0111a s postupkom za inkluzivni dodatak ako osoba nije do\u010dekala odluku?<\/p>\n\n\n\n<p>Odgovor je ohrabruju\u0107i jer postupak ne mora biti gotov. Nasljednici imaju zakonsko pravo tra\u017eiti da se postupak nastavi i, ako se utvrdi da je preminula osoba ispunjavala uvjete, primiti nov\u010danu isplatu koja joj je za \u017eivota bila uskra\u0107ena.<\/p>\n\n\n\n<p>Ministarstvo rada, mirovinskog sustava, obitelji i socijalne politike objavilo je u travnju 2026. godine <a href=\"https:\/\/mrosp.gov.hr\/upute-za-nasljednike-podnositelja-zahtjeva-za-inkluzivni-dodatak\/13969\">konkretne upute<\/a> koje obja\u0161njavaju kako to napraviti.<\/p>\n\n\n\n<figure class=\"wp-block-image size-full\"><img fetchpriority=\"high\" decoding=\"async\" width=\"830\" height=\"553\" src=\"https:\/\/uz-izvor.hr\/wp-content\/uploads\/2026\/04\/Inkluzivni-upute-za-nasljednike.jpg\" alt=\"Inkluzivni dodatak upute za nasljednike\" class=\"wp-image-4427\" srcset=\"https:\/\/uz-izvor.hr\/wp-content\/uploads\/2026\/04\/Inkluzivni-upute-za-nasljednike.jpg 830w, https:\/\/uz-izvor.hr\/wp-content\/uploads\/2026\/04\/Inkluzivni-upute-za-nasljednike-300x200.jpg 300w, https:\/\/uz-izvor.hr\/wp-content\/uploads\/2026\/04\/Inkluzivni-upute-za-nasljednike-768x512.jpg 768w, https:\/\/uz-izvor.hr\/wp-content\/uploads\/2026\/04\/Inkluzivni-upute-za-nasljednike-18x12.jpg 18w, https:\/\/uz-izvor.hr\/wp-content\/uploads\/2026\/04\/Inkluzivni-upute-za-nasljednike-650x433.jpg 650w\" sizes=\"(max-width: 830px) 100vw, 830px\" \/><\/figure>\n\n\n\n<h2 class=\"wp-block-heading\">U kojim situacijama nasljednici mogu pokrenuti postupak?<\/h2>\n\n\n\n<p>Nije svaka situacija ista, pa je va\u017eno provjeriti u koju kategoriju spadate:<\/p>\n\n\n\n<ul class=\"wp-block-list\">\n<li>Va\u0161 bli\u017enji podnio je zahtjev za inkluzivni dodatak, ali je preminuo <strong>prije nego \u0161to je dobio rje\u0161enje<\/strong>;<\/li>\n\n\n\n<li>Nakon njegove smrti niste podnosili \u017ealbu niti pokretali upravni spor pred HZSR-om ili Ministarstvom;<\/li>\n\n\n\n<li>Ili je u tijeku bio <strong>postupak pred Upravnim sudom<\/strong>.<\/li>\n<\/ul>\n\n\n\n<p>Ako se prepoznajete u jednoj od ovih situacija, imate pravo djelovati.<\/p>\n\n\n\n<h2 class=\"wp-block-heading\">Rok je ograni\u010den, ne \u010dekajte predugo<\/h2>\n\n\n\n<p>Dva su zakonska roka koja morate imati na umu:<\/p>\n\n\n\n<p>Od dana kada <strong>saznate<\/strong> da mo\u017eete tra\u017eiti nastavak postupka imate <strong>30 dana<\/strong> za reakciju. Ovo je takozvani subjektivni rok i po\u010dinje te\u0107i od trenutka kada ste postali svjesni te mogu\u0107nosti.<\/p>\n\n\n\n<p>Bez obzira na sve, maksimalni rok je <strong>3 godine od dana pokretanja prvotnog postupka<\/strong> \u2014 tzv. objektivni rok koji ne mo\u017eete produ\u017eiti.<\/p>\n\n\n\n<h2 class=\"wp-block-heading\">Dokument bez kojeg ne mo\u017eete<\/h2>\n\n\n\n<p>Sredi\u0161nji dokument cijelog postupka je <strong>pravomo\u0107no rje\u0161enje o naslje\u0111ivanju<\/strong>. Njime se dokazuje tko je nasljednik i za\u0161to ima pravo sudjelovati u postupku.<\/p>\n\n\n\n<p>Ako ostavinski postupak jo\u0161 nije proveden, ne trebate \u010dekati njegovo zavr\u0161etak \u2014 dovoljno je pribaviti <strong>potvrdu da je postupak pokrenut<\/strong> i s njom se obratiti nadle\u017enoj instituciji.<\/p>\n\n\n\n<p>Napomenimo i ovo: HZSR nema pristup registru nasljednika pa bez va\u0161e dokumentacije doslovno ne mo\u017ee znati kome da se obrati. Inicijativa mora do\u0107i od vas.<\/p>\n\n\n\n<h2 class=\"wp-block-heading\">Gdje se javiti?<\/h2>\n\n\n\n<p>Obratite se <strong>Podru\u010dnom uredu Hrvatskog zavoda za socijalni rad<\/strong> koji pokriva <strong>mjesto gdje je preminula osoba imala prebivali\u0161te<\/strong>. Popis svih ureda dostupan je na <a href=\"https:\/\/socskrb.hr\/kontakt\/\">socskrb.hr\/kontakt<\/a>.<\/p>\n\n\n\n<p>Ako niste sigurni koji ured je nadle\u017ean ili samo trebate vi\u0161e informacija nazovite besplatni pozivni centar:<\/p>\n\n\n\n<p>\ud83d\udcde <strong>0800 200 090<\/strong> <\/p>\n\n\n\n<p>\ud83d\udd57 Radnim danom od 8 do 15 sati<\/p>\n\n\n\n<h2 class=\"wp-block-heading\">Kako izgleda cijeli put do isplate?<\/h2>\n\n\n\n<p>Podno\u0161enjem zahtjeva s potrebnom dokumentacijom pokre\u0107ete postupak koji prolazi kroz nekoliko faza.<\/p>\n\n\n\n<p>Prvo se na temelju <strong>medicinske dokumentacije<\/strong> preminule osobe utvr\u0111uje je li ona za \u017eivota imala pravo na inkluzivni dodatak. Ako je odgovor potvrdan, donosi se rje\u0161enje kojim se pravo priznaje za cijelo <strong>razdoblje od dana podno\u0161enja zahtjeva do dana smrti<\/strong>.<\/p>\n\n\n\n<p>Taj dokument, pravomo\u0107no rje\u0161enje o inkluzivnom dodatku, nasljednici potom prijavljuju ili kao <strong>naknadno prona\u0111enu imovinu<\/strong> (ako je ostavinski postupak ve\u0107 zaklju\u010den) ili kao <strong>dio ostavinske imovine<\/strong> (ako je ostavinski postupak jo\u0161 u tijeku).<\/p>\n\n\n\n<p>U zavr\u0161nom koraku, s pravomo\u0107nim rje\u0161enjem o naslje\u0111ivanju, vra\u0107ate se u nadle\u017eni ured HZSR-a i tra\u017eite <strong>isplatu potra\u017eivanja<\/strong>.<\/p>\n\n\n\n<p>Ako ishod postupka ne odgovara va\u0161im o\u010dekivanjima, imate <strong>pravo \u017ealbe<\/strong>.<\/p>\n\n\n\n<h2 class=\"wp-block-heading\">Niste sami u ovome<\/h2>\n\n\n\n<p>Znamo da se ovakvi postupci \u010dine kompliciranima, posebno kada ste jo\u0161 uvijek u procesu tugovanja. U Udruzi \u017eena &#8220;Izvor&#8221; nastojimo biti oslonac kad je to najpotrebnije, bilo da tra\u017eite informaciju, uputu ili samo nekoga tko \u0107e saslu\u0161ati.<\/p>\n\n\n\n<p>Javite nam se, tu smo.<\/p>\n\n\n\n<p><strong>Ako ste osoba s podru\u010dja op\u0107ine Kne\u017eevi Vinogradi i treba vam savjetodavna pomo\u0107 u ostvarivanju prava ili organizacija besplatnog prijevoza, obratite nam se mailom na <a href=\"mailto:udruga.zena.izvor@gmail.com\" target=\"_blank\" rel=\"noreferrer noopener\">udruga.zena.izvor@gmail.com<\/a> ili nas nazovite na broj telefona 031 730 182. <\/strong><\/p>\n\n\n\n<p><em>Prema objavi Ministarstva rada, mirovinskog sustava, obitelji i socijalne politike od 27. travnja 2026. Sadr\u017eaj je informativnog karaktera. <\/em><\/p>\n\n\n\n<p><\/p>","protected":false},"excerpt":{"rendered":"<p>Gubitak voljene osobe donosi sa sobom i mno\u0161tvo administrativnih pitanja na koja \u010desto nema tko [&hellip;]<\/p>\n","protected":false},"author":2,"featured_media":3469,"comment_status":"closed","ping_status":"open","sticky":false,"template":"","format":"standard","meta":{"footnotes":""},"categories":[7],"tags":[],"class_list":["post-4426","post","type-post","status-publish","format-standard","has-post-thumbnail","hentry","category-vijesti"],"yoast_head":"<!-- This site is optimized with the Yoast SEO plugin v27.3 - https:\/\/yoast.com\/product\/yoast-seo-wordpress\/ -->\n<title>Inkluzivni dodatak - upute za nasljednike - Udruga \u017eena &quot;Izvor&quot;<\/title>\n<meta name=\"description\" content=\"Pravo na inkluzivni dodatak imaju i nasljednici preminule osobe koja je za \u017eivota podnijela zahtjev te tra\u017eiti...\" \/>\n<meta name=\"robots\" content=\"index, follow, max-snippet:-1, max-image-preview:large, max-video-preview:-1\" \/>\n<link rel=\"canonical\" href=\"https:\/\/uz-izvor.hr\/en\/inkluzivni-dodatak-upute-za-nasljednike\/\" \/>\n<meta property=\"og:locale\" content=\"en_US\" \/>\n<meta property=\"og:type\" content=\"article\" \/>\n<meta property=\"og:title\" content=\"Inkluzivni dodatak - upute za nasljednike - Udruga \u017eena &quot;Izvor&quot;\" \/>\n<meta property=\"og:description\" content=\"Pravo na inkluzivni dodatak imaju i nasljednici preminule osobe koja je za \u017eivota podnijela zahtjev te tra\u017eiti...\" \/>\n<meta property=\"og:url\" content=\"https:\/\/uz-izvor.hr\/en\/inkluzivni-dodatak-upute-za-nasljednike\/\" \/>\n<meta property=\"og:site_name\" content=\"Udruga \u017eena &quot;Izvor&quot;\" \/>\n<meta property=\"article:publisher\" content=\"https:\/\/www.facebook.com\/profile.php?id=100090681250286\" \/>\n<meta property=\"article:published_time\" content=\"2026-04-28T09:40:30+00:00\" \/>\n<meta property=\"article:modified_time\" content=\"2026-04-28T09:40:31+00:00\" \/>\n<meta property=\"og:image\" content=\"https:\/\/uz-izvor.hr\/wp-content\/uploads\/2024\/04\/Udruga-zena-Izvor-savjetovanje-scaled.jpg\" \/>\n\t<meta property=\"og:image:width\" content=\"2560\" \/>\n\t<meta property=\"og:image:height\" content=\"1714\" \/>\n\t<meta property=\"og:image:type\" content=\"image\/jpeg\" \/>\n<meta name=\"author\" content=\"Udruga \u017eena Izvor\" \/>\n<meta name=\"twitter:card\" content=\"summary_large_image\" \/>\n<meta name=\"twitter:label1\" content=\"Written by\" \/>\n\t<meta name=\"twitter:data1\" content=\"Udruga \u017eena Izvor\" \/>\n\t<meta name=\"twitter:label2\" content=\"Est. reading time\" \/>\n\t<meta name=\"twitter:data2\" content=\"4 minutes\" \/>\n<script type=\"application\/ld+json\" class=\"yoast-schema-graph\">{\"@context\":\"https:\\\/\\\/schema.org\",\"@graph\":[{\"@type\":\"Article\",\"@id\":\"https:\\\/\\\/uz-izvor.hr\\\/inkluzivni-dodatak-upute-za-nasljednike\\\/#article\",\"isPartOf\":{\"@id\":\"https:\\\/\\\/uz-izvor.hr\\\/inkluzivni-dodatak-upute-za-nasljednike\\\/\"},\"author\":{\"name\":\"Udruga \u017eena Izvor\",\"@id\":\"https:\\\/\\\/uz-izvor.hr\\\/#\\\/schema\\\/person\\\/ba3079113f8461ad4f1be4299dcb27ba\"},\"headline\":\"Inkluzivni dodatak &#8211; upute za nasljednike\",\"datePublished\":\"2026-04-28T09:40:30+00:00\",\"dateModified\":\"2026-04-28T09:40:31+00:00\",\"mainEntityOfPage\":{\"@id\":\"https:\\\/\\\/uz-izvor.hr\\\/inkluzivni-dodatak-upute-za-nasljednike\\\/\"},\"wordCount\":638,\"publisher\":{\"@id\":\"https:\\\/\\\/uz-izvor.hr\\\/#organization\"},\"image\":{\"@id\":\"https:\\\/\\\/uz-izvor.hr\\\/inkluzivni-dodatak-upute-za-nasljednike\\\/#primaryimage\"},\"thumbnailUrl\":\"https:\\\/\\\/uz-izvor.hr\\\/wp-content\\\/uploads\\\/2024\\\/04\\\/Udruga-zena-Izvor-savjetovanje-scaled.jpg\",\"articleSection\":[\"Vijesti\"],\"inLanguage\":\"en-US\"},{\"@type\":\"WebPage\",\"@id\":\"https:\\\/\\\/uz-izvor.hr\\\/inkluzivni-dodatak-upute-za-nasljednike\\\/\",\"url\":\"https:\\\/\\\/uz-izvor.hr\\\/inkluzivni-dodatak-upute-za-nasljednike\\\/\",\"name\":\"Inkluzivni dodatak - upute za nasljednike - Udruga \u017eena &quot;Izvor&quot;\",\"isPartOf\":{\"@id\":\"https:\\\/\\\/uz-izvor.hr\\\/#website\"},\"primaryImageOfPage\":{\"@id\":\"https:\\\/\\\/uz-izvor.hr\\\/inkluzivni-dodatak-upute-za-nasljednike\\\/#primaryimage\"},\"image\":{\"@id\":\"https:\\\/\\\/uz-izvor.hr\\\/inkluzivni-dodatak-upute-za-nasljednike\\\/#primaryimage\"},\"thumbnailUrl\":\"https:\\\/\\\/uz-izvor.hr\\\/wp-content\\\/uploads\\\/2024\\\/04\\\/Udruga-zena-Izvor-savjetovanje-scaled.jpg\",\"datePublished\":\"2026-04-28T09:40:30+00:00\",\"dateModified\":\"2026-04-28T09:40:31+00:00\",\"description\":\"Pravo na inkluzivni dodatak imaju i nasljednici preminule osobe koja je za \u017eivota podnijela zahtjev te tra\u017eiti...\",\"breadcrumb\":{\"@id\":\"https:\\\/\\\/uz-izvor.hr\\\/inkluzivni-dodatak-upute-za-nasljednike\\\/#breadcrumb\"},\"inLanguage\":\"en-US\",\"potentialAction\":[{\"@type\":\"ReadAction\",\"target\":[\"https:\\\/\\\/uz-izvor.hr\\\/inkluzivni-dodatak-upute-za-nasljednike\\\/\"]}]},{\"@type\":\"ImageObject\",\"inLanguage\":\"en-US\",\"@id\":\"https:\\\/\\\/uz-izvor.hr\\\/inkluzivni-dodatak-upute-za-nasljednike\\\/#primaryimage\",\"url\":\"https:\\\/\\\/uz-izvor.hr\\\/wp-content\\\/uploads\\\/2024\\\/04\\\/Udruga-zena-Izvor-savjetovanje-scaled.jpg\",\"contentUrl\":\"https:\\\/\\\/uz-izvor.hr\\\/wp-content\\\/uploads\\\/2024\\\/04\\\/Udruga-zena-Izvor-savjetovanje-scaled.jpg\",\"width\":2560,\"height\":1714,\"caption\":\"Udruga \u017eena Izvor savjetovanje inkluzivni dodatak\"},{\"@type\":\"BreadcrumbList\",\"@id\":\"https:\\\/\\\/uz-izvor.hr\\\/inkluzivni-dodatak-upute-za-nasljednike\\\/#breadcrumb\",\"itemListElement\":[{\"@type\":\"ListItem\",\"position\":1,\"name\":\"Po\u010detna stranica\",\"item\":\"https:\\\/\\\/uz-izvor.hr\\\/\"},{\"@type\":\"ListItem\",\"position\":2,\"name\":\"Inkluzivni dodatak &#8211; upute za nasljednike\"}]},{\"@type\":\"WebSite\",\"@id\":\"https:\\\/\\\/uz-izvor.hr\\\/#website\",\"url\":\"https:\\\/\\\/uz-izvor.hr\\\/\",\"name\":\"Udruga \u017eena \\\"Izvor\\\"\",\"description\":\"Web stranica udruge \u017eena &quot;Izvor&quot;\",\"publisher\":{\"@id\":\"https:\\\/\\\/uz-izvor.hr\\\/#organization\"},\"potentialAction\":[{\"@type\":\"SearchAction\",\"target\":{\"@type\":\"EntryPoint\",\"urlTemplate\":\"https:\\\/\\\/uz-izvor.hr\\\/?s={search_term_string}\"},\"query-input\":{\"@type\":\"PropertyValueSpecification\",\"valueRequired\":true,\"valueName\":\"search_term_string\"}}],\"inLanguage\":\"en-US\"},{\"@type\":\"Organization\",\"@id\":\"https:\\\/\\\/uz-izvor.hr\\\/#organization\",\"name\":\"Udruga \u017eena \\\"Izvor\\\"\",\"url\":\"https:\\\/\\\/uz-izvor.hr\\\/\",\"logo\":{\"@type\":\"ImageObject\",\"inLanguage\":\"en-US\",\"@id\":\"https:\\\/\\\/uz-izvor.hr\\\/#\\\/schema\\\/logo\\\/image\\\/\",\"url\":\"https:\\\/\\\/uz-izvor.hr\\\/wp-content\\\/uploads\\\/2024\\\/03\\\/Izvor-logo-header-2.png\",\"contentUrl\":\"https:\\\/\\\/uz-izvor.hr\\\/wp-content\\\/uploads\\\/2024\\\/03\\\/Izvor-logo-header-2.png\",\"width\":356,\"height\":78,\"caption\":\"Udruga \u017eena \\\"Izvor\\\"\"},\"image\":{\"@id\":\"https:\\\/\\\/uz-izvor.hr\\\/#\\\/schema\\\/logo\\\/image\\\/\"},\"sameAs\":[\"https:\\\/\\\/www.facebook.com\\\/profile.php?id=100090681250286\"]},{\"@type\":\"Person\",\"@id\":\"https:\\\/\\\/uz-izvor.hr\\\/#\\\/schema\\\/person\\\/ba3079113f8461ad4f1be4299dcb27ba\",\"name\":\"Udruga \u017eena Izvor\",\"image\":{\"@type\":\"ImageObject\",\"inLanguage\":\"en-US\",\"@id\":\"https:\\\/\\\/secure.gravatar.com\\\/avatar\\\/3eb043bed2aed6aa8304ef00eeab275b74962114ec00776c9bc002105df5d9b0?s=96&d=mm&r=g\",\"url\":\"https:\\\/\\\/secure.gravatar.com\\\/avatar\\\/3eb043bed2aed6aa8304ef00eeab275b74962114ec00776c9bc002105df5d9b0?s=96&d=mm&r=g\",\"contentUrl\":\"https:\\\/\\\/secure.gravatar.com\\\/avatar\\\/3eb043bed2aed6aa8304ef00eeab275b74962114ec00776c9bc002105df5d9b0?s=96&d=mm&r=g\",\"caption\":\"Udruga \u017eena Izvor\"},\"url\":\"https:\\\/\\\/uz-izvor.hr\\\/en\\\/author\\\/udruga-zena-izvor\\\/\"}]}<\/script>\n<!-- \/ Yoast SEO plugin. -->","yoast_head_json":{"title":"Inkluzivni dodatak - upute za nasljednike - Udruga \u017eena &quot;Izvor&quot;","description":"Pravo na inkluzivni dodatak imaju i nasljednici preminule osobe koja je za \u017eivota podnijela zahtjev te tra\u017eiti...","robots":{"index":"index","follow":"follow","max-snippet":"max-snippet:-1","max-image-preview":"max-image-preview:large","max-video-preview":"max-video-preview:-1"},"canonical":"https:\/\/uz-izvor.hr\/en\/inkluzivni-dodatak-upute-za-nasljednike\/","og_locale":"en_US","og_type":"article","og_title":"Inkluzivni dodatak - upute za nasljednike - Udruga \u017eena &quot;Izvor&quot;","og_description":"Pravo na inkluzivni dodatak imaju i nasljednici preminule osobe koja je za \u017eivota podnijela zahtjev te tra\u017eiti...","og_url":"https:\/\/uz-izvor.hr\/en\/inkluzivni-dodatak-upute-za-nasljednike\/","og_site_name":"Udruga \u017eena &quot;Izvor&quot;","article_publisher":"https:\/\/www.facebook.com\/profile.php?id=100090681250286","article_published_time":"2026-04-28T09:40:30+00:00","article_modified_time":"2026-04-28T09:40:31+00:00","og_image":[{"width":2560,"height":1714,"url":"https:\/\/uz-izvor.hr\/wp-content\/uploads\/2024\/04\/Udruga-zena-Izvor-savjetovanje-scaled.jpg","type":"image\/jpeg"}],"author":"Udruga \u017eena Izvor","twitter_card":"summary_large_image","twitter_misc":{"Written by":"Udruga \u017eena Izvor","Est. reading time":"4 minutes"},"schema":{"@context":"https:\/\/schema.org","@graph":[{"@type":"Article","@id":"https:\/\/uz-izvor.hr\/inkluzivni-dodatak-upute-za-nasljednike\/#article","isPartOf":{"@id":"https:\/\/uz-izvor.hr\/inkluzivni-dodatak-upute-za-nasljednike\/"},"author":{"name":"Udruga \u017eena Izvor","@id":"https:\/\/uz-izvor.hr\/#\/schema\/person\/ba3079113f8461ad4f1be4299dcb27ba"},"headline":"Inkluzivni dodatak &#8211; upute za nasljednike","datePublished":"2026-04-28T09:40:30+00:00","dateModified":"2026-04-28T09:40:31+00:00","mainEntityOfPage":{"@id":"https:\/\/uz-izvor.hr\/inkluzivni-dodatak-upute-za-nasljednike\/"},"wordCount":638,"publisher":{"@id":"https:\/\/uz-izvor.hr\/#organization"},"image":{"@id":"https:\/\/uz-izvor.hr\/inkluzivni-dodatak-upute-za-nasljednike\/#primaryimage"},"thumbnailUrl":"https:\/\/uz-izvor.hr\/wp-content\/uploads\/2024\/04\/Udruga-zena-Izvor-savjetovanje-scaled.jpg","articleSection":["Vijesti"],"inLanguage":"en-US"},{"@type":"WebPage","@id":"https:\/\/uz-izvor.hr\/inkluzivni-dodatak-upute-za-nasljednike\/","url":"https:\/\/uz-izvor.hr\/inkluzivni-dodatak-upute-za-nasljednike\/","name":"Inkluzivni dodatak - upute za nasljednike - Udruga \u017eena &quot;Izvor&quot;","isPartOf":{"@id":"https:\/\/uz-izvor.hr\/#website"},"primaryImageOfPage":{"@id":"https:\/\/uz-izvor.hr\/inkluzivni-dodatak-upute-za-nasljednike\/#primaryimage"},"image":{"@id":"https:\/\/uz-izvor.hr\/inkluzivni-dodatak-upute-za-nasljednike\/#primaryimage"},"thumbnailUrl":"https:\/\/uz-izvor.hr\/wp-content\/uploads\/2024\/04\/Udruga-zena-Izvor-savjetovanje-scaled.jpg","datePublished":"2026-04-28T09:40:30+00:00","dateModified":"2026-04-28T09:40:31+00:00","description":"Pravo na inkluzivni dodatak imaju i nasljednici preminule osobe koja je za \u017eivota podnijela zahtjev te tra\u017eiti...","breadcrumb":{"@id":"https:\/\/uz-izvor.hr\/inkluzivni-dodatak-upute-za-nasljednike\/#breadcrumb"},"inLanguage":"en-US","potentialAction":[{"@type":"ReadAction","target":["https:\/\/uz-izvor.hr\/inkluzivni-dodatak-upute-za-nasljednike\/"]}]},{"@type":"ImageObject","inLanguage":"en-US","@id":"https:\/\/uz-izvor.hr\/inkluzivni-dodatak-upute-za-nasljednike\/#primaryimage","url":"https:\/\/uz-izvor.hr\/wp-content\/uploads\/2024\/04\/Udruga-zena-Izvor-savjetovanje-scaled.jpg","contentUrl":"https:\/\/uz-izvor.hr\/wp-content\/uploads\/2024\/04\/Udruga-zena-Izvor-savjetovanje-scaled.jpg","width":2560,"height":1714,"caption":"Udruga \u017eena Izvor savjetovanje inkluzivni dodatak"},{"@type":"BreadcrumbList","@id":"https:\/\/uz-izvor.hr\/inkluzivni-dodatak-upute-za-nasljednike\/#breadcrumb","itemListElement":[{"@type":"ListItem","position":1,"name":"Po\u010detna stranica","item":"https:\/\/uz-izvor.hr\/"},{"@type":"ListItem","position":2,"name":"Inkluzivni dodatak &#8211; upute za nasljednike"}]},{"@type":"WebSite","@id":"https:\/\/uz-izvor.hr\/#website","url":"https:\/\/uz-izvor.hr\/","name":"Udruga \u017eena \"Izvor\"","description":"Web stranica udruge \u017eena &quot;Izvor&quot;","publisher":{"@id":"https:\/\/uz-izvor.hr\/#organization"},"potentialAction":[{"@type":"SearchAction","target":{"@type":"EntryPoint","urlTemplate":"https:\/\/uz-izvor.hr\/?s={search_term_string}"},"query-input":{"@type":"PropertyValueSpecification","valueRequired":true,"valueName":"search_term_string"}}],"inLanguage":"en-US"},{"@type":"Organization","@id":"https:\/\/uz-izvor.hr\/#organization","name":"Udruga \u017eena \"Izvor\"","url":"https:\/\/uz-izvor.hr\/","logo":{"@type":"ImageObject","inLanguage":"en-US","@id":"https:\/\/uz-izvor.hr\/#\/schema\/logo\/image\/","url":"https:\/\/uz-izvor.hr\/wp-content\/uploads\/2024\/03\/Izvor-logo-header-2.png","contentUrl":"https:\/\/uz-izvor.hr\/wp-content\/uploads\/2024\/03\/Izvor-logo-header-2.png","width":356,"height":78,"caption":"Udruga \u017eena \"Izvor\""},"image":{"@id":"https:\/\/uz-izvor.hr\/#\/schema\/logo\/image\/"},"sameAs":["https:\/\/www.facebook.com\/profile.php?id=100090681250286"]},{"@type":"Person","@id":"https:\/\/uz-izvor.hr\/#\/schema\/person\/ba3079113f8461ad4f1be4299dcb27ba","name":"Udruga \u017eena Izvor","image":{"@type":"ImageObject","inLanguage":"en-US","@id":"https:\/\/secure.gravatar.com\/avatar\/3eb043bed2aed6aa8304ef00eeab275b74962114ec00776c9bc002105df5d9b0?s=96&d=mm&r=g","url":"https:\/\/secure.gravatar.com\/avatar\/3eb043bed2aed6aa8304ef00eeab275b74962114ec00776c9bc002105df5d9b0?s=96&d=mm&r=g","contentUrl":"https:\/\/secure.gravatar.com\/avatar\/3eb043bed2aed6aa8304ef00eeab275b74962114ec00776c9bc002105df5d9b0?s=96&d=mm&r=g","caption":"Udruga \u017eena Izvor"},"url":"https:\/\/uz-izvor.hr\/en\/author\/udruga-zena-izvor\/"}]}},"_links":{"self":[{"href":"https:\/\/uz-izvor.hr\/en\/wp-json\/wp\/v2\/posts\/4426","targetHints":{"allow":["GET"]}}],"collection":[{"href":"https:\/\/uz-izvor.hr\/en\/wp-json\/wp\/v2\/posts"}],"about":[{"href":"https:\/\/uz-izvor.hr\/en\/wp-json\/wp\/v2\/types\/post"}],"author":[{"embeddable":true,"href":"https:\/\/uz-izvor.hr\/en\/wp-json\/wp\/v2\/users\/2"}],"replies":[{"embeddable":true,"href":"https:\/\/uz-izvor.hr\/en\/wp-json\/wp\/v2\/comments?post=4426"}],"version-history":[{"count":1,"href":"https:\/\/uz-izvor.hr\/en\/wp-json\/wp\/v2\/posts\/4426\/revisions"}],"predecessor-version":[{"id":4428,"href":"https:\/\/uz-izvor.hr\/en\/wp-json\/wp\/v2\/posts\/4426\/revisions\/4428"}],"wp:featuredmedia":[{"embeddable":true,"href":"https:\/\/uz-izvor.hr\/en\/wp-json\/wp\/v2\/media\/3469"}],"wp:attachment":[{"href":"https:\/\/uz-izvor.hr\/en\/wp-json\/wp\/v2\/media?parent=4426"}],"wp:term":[{"taxonomy":"category","embeddable":true,"href":"https:\/\/uz-izvor.hr\/en\/wp-json\/wp\/v2\/categories?post=4426"},{"taxonomy":"post_tag","embeddable":true,"href":"https:\/\/uz-izvor.hr\/en\/wp-json\/wp\/v2\/tags?post=4426"}],"curies":[{"name":"wp","href":"https:\/\/api.w.org\/{rel}","templated":true}]}}