{"id":4309,"date":"2025-12-08T18:08:14","date_gmt":"2025-12-08T18:08:14","guid":{"rendered":"https:\/\/uz-izvor.hr\/?p=4309"},"modified":"2025-12-08T18:09:49","modified_gmt":"2025-12-08T18:09:49","slug":"setnja-s-fenjerima-kada-svjetlost-vodi-prema-zdravlju-i-zajednistvu","status":"publish","type":"post","link":"https:\/\/uz-izvor.hr\/en\/setnja-s-fenjerima-kada-svjetlost-vodi-prema-zdravlju-i-zajednistvu\/","title":{"rendered":"\u0160etnja s fenjerima: kada svjetlost vodi prema zdravlju i zajedni\u0161tvu"},"content":{"rendered":"<p><a href=\"https:\/\/fenjeri.com\/\" target=\"_blank\" rel=\"noreferrer noopener\">Udruga Svjetlost Fenjera<\/a> organizirala je 5. prosinca 2025. godine posebnu manifestaciju pod nazivom &#8220;Hodajmo s fenjerima&#8221; u Kne\u017eevim Vinogradima. Ova jedinstvena ve\u010dernja \u0161etnja namijenjena je starijim osobama iz na\u0161e zajednice, pri \u010demu je svaki sudionik dobio svoj fenjer, a \u0161etnju su vodili Fenjerd\u017eija (profesor latinskog jezika u Medicinskoj \u0161koli Osijek) i licencirani turisti\u010dki vodi\u010d (Nikolina Ba\u0161karad, ina\u010de volonterka Udruge \u017eena &#8220;Izvor&#8221;).\u200b<\/p>\n\n\n\n<p>Manifestacija, koja je zapo\u010dela u 16:30 sati na adresi Petefi \u0160andora 2, osmi\u0161ljena je s jasnim ciljem \u2013 pobolj\u0161anjem kvalitete \u017eivota na\u0161ih najstarijih sugra\u0111ana kroz redovitu tjelesnu aktivnost i dru\u0161tvenu interakciju.<\/p>\n\n\n\n<figure class=\"wp-block-image size-large\"><img fetchpriority=\"high\" decoding=\"async\" width=\"1024\" height=\"768\" src=\"https:\/\/uz-izvor.hr\/wp-content\/uploads\/2025\/12\/Hodajmo-s-fenjerima-UZ-Izvor-1-1024x768.jpeg\" alt=\"Hodajmo s fenjerima Udruga \u017eana Izvor\" class=\"wp-image-4311\" srcset=\"https:\/\/uz-izvor.hr\/wp-content\/uploads\/2025\/12\/Hodajmo-s-fenjerima-UZ-Izvor-1-1024x768.jpeg 1024w, https:\/\/uz-izvor.hr\/wp-content\/uploads\/2025\/12\/Hodajmo-s-fenjerima-UZ-Izvor-1-300x225.jpeg 300w, https:\/\/uz-izvor.hr\/wp-content\/uploads\/2025\/12\/Hodajmo-s-fenjerima-UZ-Izvor-1-768x576.jpeg 768w, https:\/\/uz-izvor.hr\/wp-content\/uploads\/2025\/12\/Hodajmo-s-fenjerima-UZ-Izvor-1-1536x1152.jpeg 1536w, https:\/\/uz-izvor.hr\/wp-content\/uploads\/2025\/12\/Hodajmo-s-fenjerima-UZ-Izvor-1-16x12.jpeg 16w, https:\/\/uz-izvor.hr\/wp-content\/uploads\/2025\/12\/Hodajmo-s-fenjerima-UZ-Izvor-1-650x488.jpeg 650w, https:\/\/uz-izvor.hr\/wp-content\/uploads\/2025\/12\/Hodajmo-s-fenjerima-UZ-Izvor-1.jpeg 2048w\" sizes=\"(max-width: 1024px) 100vw, 1024px\" \/><\/figure>\n\n\n\n<h2 class=\"wp-block-heading\">Uloga kretanja u zdravlju starijih osoba<\/h2>\n\n\n\n<p>Redovita tjelesna aktivnost predstavlja jedan od najva\u017enijih \u010dimbenika u o\u010duvanju zdravlja i neovisnosti starijih osoba. Svjetska zdravstvena organizacija jasno isti\u010de da je dokazano kako redovita tjelesna aktivnost poma\u017ee u prevenciji i lije\u010denju nezaraznih bolesti poput sr\u010danih oboljenja, hipertenzije, mo\u017edanog udara, dijabetesa i nekoliko vrsta raka.<a rel=\"noreferrer noopener\" target=\"_blank\" href=\"https:\/\/ordinacija.vecernji.hr\/zdravlje\/nikad-nije-kasno-vodic-za-vjezbanje-nakon-60-i-transformaciju-zivota-nabolje\/\"><\/a>\u200b<\/p>\n\n\n\n<p><strong>\u0160etnja i hodanje<\/strong>&nbsp;smatraju se idealnom aktivno\u0161\u0107u u starijoj dobi jer pobolj\u0161avaju kardiovaskularno zdravlje, smanjuju\u0107i rizik od sr\u010danih bolesti i pobolj\u0161avaju\u0107i cirkulaciju. Studije pokazuju da samo 30 minuta umjerene aktivnosti dnevno, uklju\u010duju\u0107i br\u017ee hodanje, zna\u010dajno smanjuje mogu\u0107nost pojave kardiovaskularnih incidenata kod starijih osoba. Kod gojaznih postmenopauzalnih \u017eena, redovito hodanje uvjetuje smanjenje trbu\u0161ne masti, razine kolesterola, koncentracije glukoze u krvi i sni\u017eavanje krvnog tlaka.<a rel=\"noreferrer noopener\" target=\"_blank\" href=\"https:\/\/www.vasezdravlje.com\/bolesti-i-stanja\/hodanjem-protiv-kronicnih-bolesti\"><\/a>\u200b<\/p>\n\n\n\n<p>Osim fizi\u010dkih dobrobiti,&nbsp;<strong>hodanje ima izuzetan utjecaj na mentalno zdravlje<\/strong>. Redovita tjelesna aktivnost mo\u017ee smanjiti simptome anksioznosti i depresije te potaknuti osje\u0107aj sre\u0107e i dobrobiti. Tijekom vje\u017ebanja organizam osloba\u0111a endorfine koji proizvode osje\u0107aj smanjenja boli i do\u017eivljaj blagostanja. Istra\u017eivanja pokazuju da redovita tjelesna aktivnost mo\u017ee pobolj\u0161ati raspolo\u017eenje i olak\u0161ati simptome depresije jednako u\u010dinkovito kao farmakolo\u0161ka terapija.<a rel=\"noreferrer noopener\" target=\"_blank\" href=\"http:\/\/zdravljezasve.hr\/html\/zdravlje11_mentalno-zdravlje-b.html\"><\/a>\u200b<\/p>\n\n\n\n<p><strong>Prevencija padova<\/strong>&nbsp;posebno je va\u017ean aspekt tjelesne aktivnosti kod starijih osoba. Hodanje pove\u0107ava snagu mi\u0161i\u0107a i ravnote\u017eu, \u0161to poma\u017ee u spre\u010davanju padova koji su \u010desti me\u0111u starijim osobama. Programi vje\u017ebanja s fokusom na ja\u010danje snage i ravnote\u017ee tijela pokazali su se iznimno u\u010dinkovitima u smanjenju broja padova. Dinami\u010dka ravnote\u017ea va\u017ena je u hodu \u2013 hodati zna\u010di biti pokretljiv, neovisan i imati kvalitetniji \u017eivot.<\/p>\n\n\n\n<figure class=\"wp-block-image size-large\"><img decoding=\"async\" width=\"768\" height=\"1024\" src=\"https:\/\/uz-izvor.hr\/wp-content\/uploads\/2025\/12\/Hodajmo-s-fenjerima-UDRUGA-ZENA-IZVOR-2-768x1024.jpeg\" alt=\"Hodajmo s fenjerima UDRUGA ZENA IZVOR\" class=\"wp-image-4312\" srcset=\"https:\/\/uz-izvor.hr\/wp-content\/uploads\/2025\/12\/Hodajmo-s-fenjerima-UDRUGA-ZENA-IZVOR-2-768x1024.jpeg 768w, https:\/\/uz-izvor.hr\/wp-content\/uploads\/2025\/12\/Hodajmo-s-fenjerima-UDRUGA-ZENA-IZVOR-2-225x300.jpeg 225w, https:\/\/uz-izvor.hr\/wp-content\/uploads\/2025\/12\/Hodajmo-s-fenjerima-UDRUGA-ZENA-IZVOR-2-1152x1536.jpeg 1152w, https:\/\/uz-izvor.hr\/wp-content\/uploads\/2025\/12\/Hodajmo-s-fenjerima-UDRUGA-ZENA-IZVOR-2-9x12.jpeg 9w, https:\/\/uz-izvor.hr\/wp-content\/uploads\/2025\/12\/Hodajmo-s-fenjerima-UDRUGA-ZENA-IZVOR-2-488x650.jpeg 488w, https:\/\/uz-izvor.hr\/wp-content\/uploads\/2025\/12\/Hodajmo-s-fenjerima-UDRUGA-ZENA-IZVOR-2.jpeg 1536w\" sizes=\"(max-width: 768px) 100vw, 768px\" \/><\/figure>\n\n\n\n<h2 class=\"wp-block-heading\">Dru\u0161tvena dimenzija \u0161etnje<\/h2>\n\n\n\n<p>Osim zdravstvenih prednosti, organizirana \u0161etnja s fenjerima nudi ne\u0161to jednako vrijedno \u2013\u00a0<strong>dru\u0161tvenu interakciju<\/strong>. Hodanje s prijateljima ili u grupi mo\u017ee zna\u010dajno pobolj\u0161ati socijalnu povezanost, \u0161to je posebno va\u017eno za mentalno zdravlje starijih osoba. Dru\u0161tvena interakcija poti\u010de va\u017ene zdravstvene prednosti za starije osobe, uklju\u010duju\u0107i potencijalno smanjenje rizika od demencije i \u0161irok raspon fizi\u010dkih problema poput visokog krvnog tlaka i kardiovaskularnih bolesti.<\/p>\n\n\n\n<p>U Op\u0107ini Kne\u017eevi Vinogradi \u017eivi 855 starijih osoba iznad 65 godina, od kojih mnogi \u017eive sami s malim prihodima, dok su im djeca i najbli\u017ei \u010desto daleko. Ova skupina se suo\u010dava s ozbiljnim problemima, uklju\u010duju\u0107i dru\u0161tvenu izolaciju i te\u0161ko\u0107e u obavljanju svakodnevnih aktivnosti. Upravo zato su manifestacije poput &#8220;Hodajmo s fenjerima&#8221; neprocjenjive vrijednosti \u2013 pru\u017eaju priliku za dru\u017eenje, razmjenu iskustava i stvaranje novih prijateljstava.<\/p>\n\n\n\n<figure class=\"wp-block-image size-large\"><img decoding=\"async\" width=\"1024\" height=\"768\" src=\"https:\/\/uz-izvor.hr\/wp-content\/uploads\/2025\/12\/Hodajmo-s-fenjerima-UDRUGA-ZENA-IZVOR-3-1024x768.jpeg\" alt=\"Hodajmo s fenjerima UDRUGA ZENA IZVOR\" class=\"wp-image-4313\" srcset=\"https:\/\/uz-izvor.hr\/wp-content\/uploads\/2025\/12\/Hodajmo-s-fenjerima-UDRUGA-ZENA-IZVOR-3-1024x768.jpeg 1024w, https:\/\/uz-izvor.hr\/wp-content\/uploads\/2025\/12\/Hodajmo-s-fenjerima-UDRUGA-ZENA-IZVOR-3-300x225.jpeg 300w, https:\/\/uz-izvor.hr\/wp-content\/uploads\/2025\/12\/Hodajmo-s-fenjerima-UDRUGA-ZENA-IZVOR-3-768x576.jpeg 768w, https:\/\/uz-izvor.hr\/wp-content\/uploads\/2025\/12\/Hodajmo-s-fenjerima-UDRUGA-ZENA-IZVOR-3-1536x1152.jpeg 1536w, https:\/\/uz-izvor.hr\/wp-content\/uploads\/2025\/12\/Hodajmo-s-fenjerima-UDRUGA-ZENA-IZVOR-3-16x12.jpeg 16w, https:\/\/uz-izvor.hr\/wp-content\/uploads\/2025\/12\/Hodajmo-s-fenjerima-UDRUGA-ZENA-IZVOR-3-650x488.jpeg 650w, https:\/\/uz-izvor.hr\/wp-content\/uploads\/2025\/12\/Hodajmo-s-fenjerima-UDRUGA-ZENA-IZVOR-3.jpeg 2048w\" sizes=\"(max-width: 1024px) 100vw, 1024px\" \/><\/figure>\n\n\n\n<h2 class=\"wp-block-heading\">Zahvala Udruzi Svjetlost Fenjera<\/h2>\n\n\n\n<p>Izra\u017eavamo duboku zahvalnost Udruzi Svjetlost Fenjera \u0161to je odlu\u010dila dovesti fenjere u Kne\u017eeve Vinograde i organizirati ovu prekrasnu manifestaciju. Njihova predanost promicanju kulturnog blaga kroz prezentaciju starih fenjera, u kombinaciji s brigom o zdravlju na\u0161ih najstarijih sugra\u0111ana, pokazuje da tradicija i moderna briga o zdravlju mogu i\u0107i ruku pod ruku.<a href=\"https:\/\/www.baranjainfo.hr\/knezevi-vinogradi-hodajmo-s-fenjerima\/\" target=\"_blank\" rel=\"noreferrer noopener\"><\/a>\u200b<\/p>\n\n\n\n<p>Ovakve inicijative oboga\u0107uju na\u0161u zajednicu i stvaraju priliku za sve generacije da prepoznaju va\u017enost kretanja, zdravlja i me\u0111usobne potpore. Kroz ve\u010dernje \u0161etnje uz svjetlo fenjera, na\u0161e starije sugra\u0111ane ne samo da poti\u010demo na tjelesnu aktivnost, ve\u0107 im pru\u017eamo toplinu zajedni\u0161tva i osje\u0107aj pripadnosti.<\/p>\n\n\n\n<p><strong>Udruga \u017eena &#8220;Izvor&#8221; iz Kne\u017eevih Vinograda<\/strong>, koja vi\u0161e od 20 godina djeluje na podru\u010dju na\u0161e op\u0107ine, nastavlja s predano\u0161\u0107u raditi na unapre\u0111enju kvalitete \u017eivota starijih osoba kroz razli\u010dite projekte i aktivnosti. Manifestacija &#8220;Hodajmo s fenjerima&#8221; savr\u0161eno se uklapa u na\u0161u misiju stvaranja aktivnije, zdravije i sretnije zajednice u kojoj \u017eivimo.<a rel=\"noreferrer noopener\" target=\"_blank\" href=\"https:\/\/lokalni.vecernji.hr\/opcine\/udruga-zena-izvor-provodi-projekt-pomoc-nadohvat-ruke-28356\"><\/a>\u200b<\/p>\n\n\n\n<p>Pozivamo sve na\u0161e starije sugra\u0111ane da se pridru\u017ee budu\u0107im \u0161etnjama i aktivnostima \u2013 jer svaki korak donosi zdravlje, svaki susret donosi radost, a svaki zajedni\u010dki trenutak ja\u010da na\u0161u zajednicu.<\/p>\n\n\n\n<figure class=\"wp-block-image size-large\"><img loading=\"lazy\" decoding=\"async\" width=\"1024\" height=\"768\" src=\"https:\/\/uz-izvor.hr\/wp-content\/uploads\/2025\/12\/Hodajmo-s-Fenjerima-UDRUGA-ZENA-IZVOR-1024x768.jpeg\" alt=\"Hodajmo s fenjerima Udruga \u017eena Izvor\" class=\"wp-image-4310\" srcset=\"https:\/\/uz-izvor.hr\/wp-content\/uploads\/2025\/12\/Hodajmo-s-Fenjerima-UDRUGA-ZENA-IZVOR-1024x768.jpeg 1024w, https:\/\/uz-izvor.hr\/wp-content\/uploads\/2025\/12\/Hodajmo-s-Fenjerima-UDRUGA-ZENA-IZVOR-300x225.jpeg 300w, https:\/\/uz-izvor.hr\/wp-content\/uploads\/2025\/12\/Hodajmo-s-Fenjerima-UDRUGA-ZENA-IZVOR-768x576.jpeg 768w, https:\/\/uz-izvor.hr\/wp-content\/uploads\/2025\/12\/Hodajmo-s-Fenjerima-UDRUGA-ZENA-IZVOR-1536x1152.jpeg 1536w, https:\/\/uz-izvor.hr\/wp-content\/uploads\/2025\/12\/Hodajmo-s-Fenjerima-UDRUGA-ZENA-IZVOR-16x12.jpeg 16w, https:\/\/uz-izvor.hr\/wp-content\/uploads\/2025\/12\/Hodajmo-s-Fenjerima-UDRUGA-ZENA-IZVOR-650x488.jpeg 650w, https:\/\/uz-izvor.hr\/wp-content\/uploads\/2025\/12\/Hodajmo-s-Fenjerima-UDRUGA-ZENA-IZVOR.jpeg 1600w\" sizes=\"(max-width: 1024px) 100vw, 1024px\" \/><\/figure>\n\n\n\n<h2 class=\"wp-block-heading\"><strong>\u017delite nas podr\u017eati?<\/strong><\/h2>\n\n\n\n<ul class=\"wp-block-list\">\n<li>postanite na\u0161 <a href=\"https:\/\/uz-izvor.hr\/en\/volonterski-programi\/\" target=\"_blank\" rel=\"noreferrer noopener\">volonter<\/a><\/li>\n\n\n\n<li><a href=\"https:\/\/uz-izvor.hr\/en\/donacija\/\" target=\"_blank\" rel=\"noreferrer noopener\">donirajte<\/a> i podr\u017eite na\u0161 rad<\/li>\n\n\n\n<li>podijelite pri\u010du jer svaka podijeljena svjetlost dvostruko sja<\/li>\n<\/ul>\n\n\n\n<p><\/p>","protected":false},"excerpt":{"rendered":"<p>Udruga Svjetlost Fenjera organizirala je 5. prosinca 2025. godine posebnu manifestaciju pod nazivom &#8220;Hodajmo s [&hellip;]<\/p>\n","protected":false},"author":2,"featured_media":4310,"comment_status":"closed","ping_status":"open","sticky":false,"template":"","format":"standard","meta":{"footnotes":""},"categories":[7],"tags":[],"class_list":["post-4309","post","type-post","status-publish","format-standard","has-post-thumbnail","hentry","category-vijesti"],"yoast_head":"<!-- This site is optimized with the Yoast SEO plugin v27.3 - https:\/\/yoast.com\/product\/yoast-seo-wordpress\/ -->\n<title>\u0160etnja s fenjerima: kada svjetlost vodi prema zdravlju i zajedni\u0161tvu - Udruga \u017eena &quot;Izvor&quot;<\/title>\n<meta name=\"description\" content=\"Osim zdravstvenih prednosti, organizirana \u0161etnja s fenjerima nudi ne\u0161to jednako vrijedno \u2013 dru\u0161tvenu interakciju. Hodanje s prijateljima ili\" \/>\n<meta name=\"robots\" content=\"index, follow, max-snippet:-1, max-image-preview:large, max-video-preview:-1\" \/>\n<link rel=\"canonical\" href=\"https:\/\/uz-izvor.hr\/en\/setnja-s-fenjerima-kada-svjetlost-vodi-prema-zdravlju-i-zajednistvu\/\" \/>\n<meta property=\"og:locale\" content=\"en_US\" \/>\n<meta property=\"og:type\" content=\"article\" \/>\n<meta property=\"og:title\" content=\"\u0160etnja s fenjerima: kada svjetlost vodi prema zdravlju i zajedni\u0161tvu - Udruga \u017eena &quot;Izvor&quot;\" \/>\n<meta property=\"og:description\" content=\"Osim zdravstvenih prednosti, organizirana \u0161etnja s fenjerima nudi ne\u0161to jednako vrijedno \u2013 dru\u0161tvenu interakciju. Hodanje s prijateljima ili\" \/>\n<meta property=\"og:url\" content=\"https:\/\/uz-izvor.hr\/en\/setnja-s-fenjerima-kada-svjetlost-vodi-prema-zdravlju-i-zajednistvu\/\" \/>\n<meta property=\"og:site_name\" content=\"Udruga \u017eena &quot;Izvor&quot;\" \/>\n<meta property=\"article:publisher\" content=\"https:\/\/www.facebook.com\/profile.php?id=100090681250286\" \/>\n<meta property=\"article:published_time\" content=\"2025-12-08T18:08:14+00:00\" \/>\n<meta property=\"article:modified_time\" content=\"2025-12-08T18:09:49+00:00\" \/>\n<meta property=\"og:image\" content=\"https:\/\/uz-izvor.hr\/wp-content\/uploads\/2025\/12\/Hodajmo-s-Fenjerima-UDRUGA-ZENA-IZVOR.jpeg\" \/>\n\t<meta property=\"og:image:width\" content=\"1600\" \/>\n\t<meta property=\"og:image:height\" content=\"1200\" \/>\n\t<meta property=\"og:image:type\" content=\"image\/jpeg\" \/>\n<meta name=\"author\" content=\"Udruga \u017eena Izvor\" \/>\n<meta name=\"twitter:card\" content=\"summary_large_image\" \/>\n<meta name=\"twitter:label1\" content=\"Written by\" \/>\n\t<meta name=\"twitter:data1\" content=\"Udruga \u017eena Izvor\" \/>\n\t<meta name=\"twitter:label2\" content=\"Est. reading time\" \/>\n\t<meta name=\"twitter:data2\" content=\"5 minutes\" \/>\n<script type=\"application\/ld+json\" class=\"yoast-schema-graph\">{\"@context\":\"https:\\\/\\\/schema.org\",\"@graph\":[{\"@type\":\"Article\",\"@id\":\"https:\\\/\\\/uz-izvor.hr\\\/setnja-s-fenjerima-kada-svjetlost-vodi-prema-zdravlju-i-zajednistvu\\\/#article\",\"isPartOf\":{\"@id\":\"https:\\\/\\\/uz-izvor.hr\\\/setnja-s-fenjerima-kada-svjetlost-vodi-prema-zdravlju-i-zajednistvu\\\/\"},\"author\":{\"name\":\"Udruga \u017eena Izvor\",\"@id\":\"https:\\\/\\\/uz-izvor.hr\\\/#\\\/schema\\\/person\\\/ba3079113f8461ad4f1be4299dcb27ba\"},\"headline\":\"\u0160etnja s fenjerima: kada svjetlost vodi prema zdravlju i zajedni\u0161tvu\",\"datePublished\":\"2025-12-08T18:08:14+00:00\",\"dateModified\":\"2025-12-08T18:09:49+00:00\",\"mainEntityOfPage\":{\"@id\":\"https:\\\/\\\/uz-izvor.hr\\\/setnja-s-fenjerima-kada-svjetlost-vodi-prema-zdravlju-i-zajednistvu\\\/\"},\"wordCount\":774,\"publisher\":{\"@id\":\"https:\\\/\\\/uz-izvor.hr\\\/#organization\"},\"image\":{\"@id\":\"https:\\\/\\\/uz-izvor.hr\\\/setnja-s-fenjerima-kada-svjetlost-vodi-prema-zdravlju-i-zajednistvu\\\/#primaryimage\"},\"thumbnailUrl\":\"https:\\\/\\\/uz-izvor.hr\\\/wp-content\\\/uploads\\\/2025\\\/12\\\/Hodajmo-s-Fenjerima-UDRUGA-ZENA-IZVOR.jpeg\",\"articleSection\":[\"Vijesti\"],\"inLanguage\":\"en-US\"},{\"@type\":\"WebPage\",\"@id\":\"https:\\\/\\\/uz-izvor.hr\\\/setnja-s-fenjerima-kada-svjetlost-vodi-prema-zdravlju-i-zajednistvu\\\/\",\"url\":\"https:\\\/\\\/uz-izvor.hr\\\/setnja-s-fenjerima-kada-svjetlost-vodi-prema-zdravlju-i-zajednistvu\\\/\",\"name\":\"\u0160etnja s fenjerima: kada svjetlost vodi prema zdravlju i zajedni\u0161tvu - Udruga \u017eena &quot;Izvor&quot;\",\"isPartOf\":{\"@id\":\"https:\\\/\\\/uz-izvor.hr\\\/#website\"},\"primaryImageOfPage\":{\"@id\":\"https:\\\/\\\/uz-izvor.hr\\\/setnja-s-fenjerima-kada-svjetlost-vodi-prema-zdravlju-i-zajednistvu\\\/#primaryimage\"},\"image\":{\"@id\":\"https:\\\/\\\/uz-izvor.hr\\\/setnja-s-fenjerima-kada-svjetlost-vodi-prema-zdravlju-i-zajednistvu\\\/#primaryimage\"},\"thumbnailUrl\":\"https:\\\/\\\/uz-izvor.hr\\\/wp-content\\\/uploads\\\/2025\\\/12\\\/Hodajmo-s-Fenjerima-UDRUGA-ZENA-IZVOR.jpeg\",\"datePublished\":\"2025-12-08T18:08:14+00:00\",\"dateModified\":\"2025-12-08T18:09:49+00:00\",\"description\":\"Osim zdravstvenih prednosti, organizirana \u0161etnja s fenjerima nudi ne\u0161to jednako vrijedno \u2013 dru\u0161tvenu interakciju. Hodanje s prijateljima ili\",\"breadcrumb\":{\"@id\":\"https:\\\/\\\/uz-izvor.hr\\\/setnja-s-fenjerima-kada-svjetlost-vodi-prema-zdravlju-i-zajednistvu\\\/#breadcrumb\"},\"inLanguage\":\"en-US\",\"potentialAction\":[{\"@type\":\"ReadAction\",\"target\":[\"https:\\\/\\\/uz-izvor.hr\\\/setnja-s-fenjerima-kada-svjetlost-vodi-prema-zdravlju-i-zajednistvu\\\/\"]}]},{\"@type\":\"ImageObject\",\"inLanguage\":\"en-US\",\"@id\":\"https:\\\/\\\/uz-izvor.hr\\\/setnja-s-fenjerima-kada-svjetlost-vodi-prema-zdravlju-i-zajednistvu\\\/#primaryimage\",\"url\":\"https:\\\/\\\/uz-izvor.hr\\\/wp-content\\\/uploads\\\/2025\\\/12\\\/Hodajmo-s-Fenjerima-UDRUGA-ZENA-IZVOR.jpeg\",\"contentUrl\":\"https:\\\/\\\/uz-izvor.hr\\\/wp-content\\\/uploads\\\/2025\\\/12\\\/Hodajmo-s-Fenjerima-UDRUGA-ZENA-IZVOR.jpeg\",\"width\":1600,\"height\":1200,\"caption\":\"Hodajmo s fenjerima Udruga \u017eena Izvor\"},{\"@type\":\"BreadcrumbList\",\"@id\":\"https:\\\/\\\/uz-izvor.hr\\\/setnja-s-fenjerima-kada-svjetlost-vodi-prema-zdravlju-i-zajednistvu\\\/#breadcrumb\",\"itemListElement\":[{\"@type\":\"ListItem\",\"position\":1,\"name\":\"Po\u010detna stranica\",\"item\":\"https:\\\/\\\/uz-izvor.hr\\\/\"},{\"@type\":\"ListItem\",\"position\":2,\"name\":\"\u0160etnja s fenjerima: kada svjetlost vodi prema zdravlju i zajedni\u0161tvu\"}]},{\"@type\":\"WebSite\",\"@id\":\"https:\\\/\\\/uz-izvor.hr\\\/#website\",\"url\":\"https:\\\/\\\/uz-izvor.hr\\\/\",\"name\":\"Udruga \u017eena \\\"Izvor\\\"\",\"description\":\"Web stranica udruge \u017eena &quot;Izvor&quot;\",\"publisher\":{\"@id\":\"https:\\\/\\\/uz-izvor.hr\\\/#organization\"},\"potentialAction\":[{\"@type\":\"SearchAction\",\"target\":{\"@type\":\"EntryPoint\",\"urlTemplate\":\"https:\\\/\\\/uz-izvor.hr\\\/?s={search_term_string}\"},\"query-input\":{\"@type\":\"PropertyValueSpecification\",\"valueRequired\":true,\"valueName\":\"search_term_string\"}}],\"inLanguage\":\"en-US\"},{\"@type\":\"Organization\",\"@id\":\"https:\\\/\\\/uz-izvor.hr\\\/#organization\",\"name\":\"Udruga \u017eena \\\"Izvor\\\"\",\"url\":\"https:\\\/\\\/uz-izvor.hr\\\/\",\"logo\":{\"@type\":\"ImageObject\",\"inLanguage\":\"en-US\",\"@id\":\"https:\\\/\\\/uz-izvor.hr\\\/#\\\/schema\\\/logo\\\/image\\\/\",\"url\":\"https:\\\/\\\/uz-izvor.hr\\\/wp-content\\\/uploads\\\/2024\\\/03\\\/Izvor-logo-header-2.png\",\"contentUrl\":\"https:\\\/\\\/uz-izvor.hr\\\/wp-content\\\/uploads\\\/2024\\\/03\\\/Izvor-logo-header-2.png\",\"width\":356,\"height\":78,\"caption\":\"Udruga \u017eena \\\"Izvor\\\"\"},\"image\":{\"@id\":\"https:\\\/\\\/uz-izvor.hr\\\/#\\\/schema\\\/logo\\\/image\\\/\"},\"sameAs\":[\"https:\\\/\\\/www.facebook.com\\\/profile.php?id=100090681250286\"]},{\"@type\":\"Person\",\"@id\":\"https:\\\/\\\/uz-izvor.hr\\\/#\\\/schema\\\/person\\\/ba3079113f8461ad4f1be4299dcb27ba\",\"name\":\"Udruga \u017eena Izvor\",\"image\":{\"@type\":\"ImageObject\",\"inLanguage\":\"en-US\",\"@id\":\"https:\\\/\\\/secure.gravatar.com\\\/avatar\\\/3eb043bed2aed6aa8304ef00eeab275b74962114ec00776c9bc002105df5d9b0?s=96&d=mm&r=g\",\"url\":\"https:\\\/\\\/secure.gravatar.com\\\/avatar\\\/3eb043bed2aed6aa8304ef00eeab275b74962114ec00776c9bc002105df5d9b0?s=96&d=mm&r=g\",\"contentUrl\":\"https:\\\/\\\/secure.gravatar.com\\\/avatar\\\/3eb043bed2aed6aa8304ef00eeab275b74962114ec00776c9bc002105df5d9b0?s=96&d=mm&r=g\",\"caption\":\"Udruga \u017eena Izvor\"},\"url\":\"https:\\\/\\\/uz-izvor.hr\\\/en\\\/author\\\/udruga-zena-izvor\\\/\"}]}<\/script>\n<!-- \/ Yoast SEO plugin. -->","yoast_head_json":{"title":"\u0160etnja s fenjerima: kada svjetlost vodi prema zdravlju i zajedni\u0161tvu - Udruga \u017eena &quot;Izvor&quot;","description":"Osim zdravstvenih prednosti, organizirana \u0161etnja s fenjerima nudi ne\u0161to jednako vrijedno \u2013 dru\u0161tvenu interakciju. Hodanje s prijateljima ili","robots":{"index":"index","follow":"follow","max-snippet":"max-snippet:-1","max-image-preview":"max-image-preview:large","max-video-preview":"max-video-preview:-1"},"canonical":"https:\/\/uz-izvor.hr\/en\/setnja-s-fenjerima-kada-svjetlost-vodi-prema-zdravlju-i-zajednistvu\/","og_locale":"en_US","og_type":"article","og_title":"\u0160etnja s fenjerima: kada svjetlost vodi prema zdravlju i zajedni\u0161tvu - Udruga \u017eena &quot;Izvor&quot;","og_description":"Osim zdravstvenih prednosti, organizirana \u0161etnja s fenjerima nudi ne\u0161to jednako vrijedno \u2013 dru\u0161tvenu interakciju. Hodanje s prijateljima ili","og_url":"https:\/\/uz-izvor.hr\/en\/setnja-s-fenjerima-kada-svjetlost-vodi-prema-zdravlju-i-zajednistvu\/","og_site_name":"Udruga \u017eena &quot;Izvor&quot;","article_publisher":"https:\/\/www.facebook.com\/profile.php?id=100090681250286","article_published_time":"2025-12-08T18:08:14+00:00","article_modified_time":"2025-12-08T18:09:49+00:00","og_image":[{"width":1600,"height":1200,"url":"https:\/\/uz-izvor.hr\/wp-content\/uploads\/2025\/12\/Hodajmo-s-Fenjerima-UDRUGA-ZENA-IZVOR.jpeg","type":"image\/jpeg"}],"author":"Udruga \u017eena Izvor","twitter_card":"summary_large_image","twitter_misc":{"Written by":"Udruga \u017eena Izvor","Est. reading time":"5 minutes"},"schema":{"@context":"https:\/\/schema.org","@graph":[{"@type":"Article","@id":"https:\/\/uz-izvor.hr\/setnja-s-fenjerima-kada-svjetlost-vodi-prema-zdravlju-i-zajednistvu\/#article","isPartOf":{"@id":"https:\/\/uz-izvor.hr\/setnja-s-fenjerima-kada-svjetlost-vodi-prema-zdravlju-i-zajednistvu\/"},"author":{"name":"Udruga \u017eena Izvor","@id":"https:\/\/uz-izvor.hr\/#\/schema\/person\/ba3079113f8461ad4f1be4299dcb27ba"},"headline":"\u0160etnja s fenjerima: kada svjetlost vodi prema zdravlju i zajedni\u0161tvu","datePublished":"2025-12-08T18:08:14+00:00","dateModified":"2025-12-08T18:09:49+00:00","mainEntityOfPage":{"@id":"https:\/\/uz-izvor.hr\/setnja-s-fenjerima-kada-svjetlost-vodi-prema-zdravlju-i-zajednistvu\/"},"wordCount":774,"publisher":{"@id":"https:\/\/uz-izvor.hr\/#organization"},"image":{"@id":"https:\/\/uz-izvor.hr\/setnja-s-fenjerima-kada-svjetlost-vodi-prema-zdravlju-i-zajednistvu\/#primaryimage"},"thumbnailUrl":"https:\/\/uz-izvor.hr\/wp-content\/uploads\/2025\/12\/Hodajmo-s-Fenjerima-UDRUGA-ZENA-IZVOR.jpeg","articleSection":["Vijesti"],"inLanguage":"en-US"},{"@type":"WebPage","@id":"https:\/\/uz-izvor.hr\/setnja-s-fenjerima-kada-svjetlost-vodi-prema-zdravlju-i-zajednistvu\/","url":"https:\/\/uz-izvor.hr\/setnja-s-fenjerima-kada-svjetlost-vodi-prema-zdravlju-i-zajednistvu\/","name":"\u0160etnja s fenjerima: kada svjetlost vodi prema zdravlju i zajedni\u0161tvu - Udruga \u017eena &quot;Izvor&quot;","isPartOf":{"@id":"https:\/\/uz-izvor.hr\/#website"},"primaryImageOfPage":{"@id":"https:\/\/uz-izvor.hr\/setnja-s-fenjerima-kada-svjetlost-vodi-prema-zdravlju-i-zajednistvu\/#primaryimage"},"image":{"@id":"https:\/\/uz-izvor.hr\/setnja-s-fenjerima-kada-svjetlost-vodi-prema-zdravlju-i-zajednistvu\/#primaryimage"},"thumbnailUrl":"https:\/\/uz-izvor.hr\/wp-content\/uploads\/2025\/12\/Hodajmo-s-Fenjerima-UDRUGA-ZENA-IZVOR.jpeg","datePublished":"2025-12-08T18:08:14+00:00","dateModified":"2025-12-08T18:09:49+00:00","description":"Osim zdravstvenih prednosti, organizirana \u0161etnja s fenjerima nudi ne\u0161to jednako vrijedno \u2013 dru\u0161tvenu interakciju. Hodanje s prijateljima ili","breadcrumb":{"@id":"https:\/\/uz-izvor.hr\/setnja-s-fenjerima-kada-svjetlost-vodi-prema-zdravlju-i-zajednistvu\/#breadcrumb"},"inLanguage":"en-US","potentialAction":[{"@type":"ReadAction","target":["https:\/\/uz-izvor.hr\/setnja-s-fenjerima-kada-svjetlost-vodi-prema-zdravlju-i-zajednistvu\/"]}]},{"@type":"ImageObject","inLanguage":"en-US","@id":"https:\/\/uz-izvor.hr\/setnja-s-fenjerima-kada-svjetlost-vodi-prema-zdravlju-i-zajednistvu\/#primaryimage","url":"https:\/\/uz-izvor.hr\/wp-content\/uploads\/2025\/12\/Hodajmo-s-Fenjerima-UDRUGA-ZENA-IZVOR.jpeg","contentUrl":"https:\/\/uz-izvor.hr\/wp-content\/uploads\/2025\/12\/Hodajmo-s-Fenjerima-UDRUGA-ZENA-IZVOR.jpeg","width":1600,"height":1200,"caption":"Hodajmo s fenjerima Udruga \u017eena Izvor"},{"@type":"BreadcrumbList","@id":"https:\/\/uz-izvor.hr\/setnja-s-fenjerima-kada-svjetlost-vodi-prema-zdravlju-i-zajednistvu\/#breadcrumb","itemListElement":[{"@type":"ListItem","position":1,"name":"Po\u010detna stranica","item":"https:\/\/uz-izvor.hr\/"},{"@type":"ListItem","position":2,"name":"\u0160etnja s fenjerima: kada svjetlost vodi prema zdravlju i zajedni\u0161tvu"}]},{"@type":"WebSite","@id":"https:\/\/uz-izvor.hr\/#website","url":"https:\/\/uz-izvor.hr\/","name":"Udruga \u017eena \"Izvor\"","description":"Web stranica udruge \u017eena &quot;Izvor&quot;","publisher":{"@id":"https:\/\/uz-izvor.hr\/#organization"},"potentialAction":[{"@type":"SearchAction","target":{"@type":"EntryPoint","urlTemplate":"https:\/\/uz-izvor.hr\/?s={search_term_string}"},"query-input":{"@type":"PropertyValueSpecification","valueRequired":true,"valueName":"search_term_string"}}],"inLanguage":"en-US"},{"@type":"Organization","@id":"https:\/\/uz-izvor.hr\/#organization","name":"Udruga \u017eena \"Izvor\"","url":"https:\/\/uz-izvor.hr\/","logo":{"@type":"ImageObject","inLanguage":"en-US","@id":"https:\/\/uz-izvor.hr\/#\/schema\/logo\/image\/","url":"https:\/\/uz-izvor.hr\/wp-content\/uploads\/2024\/03\/Izvor-logo-header-2.png","contentUrl":"https:\/\/uz-izvor.hr\/wp-content\/uploads\/2024\/03\/Izvor-logo-header-2.png","width":356,"height":78,"caption":"Udruga \u017eena \"Izvor\""},"image":{"@id":"https:\/\/uz-izvor.hr\/#\/schema\/logo\/image\/"},"sameAs":["https:\/\/www.facebook.com\/profile.php?id=100090681250286"]},{"@type":"Person","@id":"https:\/\/uz-izvor.hr\/#\/schema\/person\/ba3079113f8461ad4f1be4299dcb27ba","name":"Udruga \u017eena Izvor","image":{"@type":"ImageObject","inLanguage":"en-US","@id":"https:\/\/secure.gravatar.com\/avatar\/3eb043bed2aed6aa8304ef00eeab275b74962114ec00776c9bc002105df5d9b0?s=96&d=mm&r=g","url":"https:\/\/secure.gravatar.com\/avatar\/3eb043bed2aed6aa8304ef00eeab275b74962114ec00776c9bc002105df5d9b0?s=96&d=mm&r=g","contentUrl":"https:\/\/secure.gravatar.com\/avatar\/3eb043bed2aed6aa8304ef00eeab275b74962114ec00776c9bc002105df5d9b0?s=96&d=mm&r=g","caption":"Udruga \u017eena Izvor"},"url":"https:\/\/uz-izvor.hr\/en\/author\/udruga-zena-izvor\/"}]}},"_links":{"self":[{"href":"https:\/\/uz-izvor.hr\/en\/wp-json\/wp\/v2\/posts\/4309","targetHints":{"allow":["GET"]}}],"collection":[{"href":"https:\/\/uz-izvor.hr\/en\/wp-json\/wp\/v2\/posts"}],"about":[{"href":"https:\/\/uz-izvor.hr\/en\/wp-json\/wp\/v2\/types\/post"}],"author":[{"embeddable":true,"href":"https:\/\/uz-izvor.hr\/en\/wp-json\/wp\/v2\/users\/2"}],"replies":[{"embeddable":true,"href":"https:\/\/uz-izvor.hr\/en\/wp-json\/wp\/v2\/comments?post=4309"}],"version-history":[{"count":1,"href":"https:\/\/uz-izvor.hr\/en\/wp-json\/wp\/v2\/posts\/4309\/revisions"}],"predecessor-version":[{"id":4314,"href":"https:\/\/uz-izvor.hr\/en\/wp-json\/wp\/v2\/posts\/4309\/revisions\/4314"}],"wp:featuredmedia":[{"embeddable":true,"href":"https:\/\/uz-izvor.hr\/en\/wp-json\/wp\/v2\/media\/4310"}],"wp:attachment":[{"href":"https:\/\/uz-izvor.hr\/en\/wp-json\/wp\/v2\/media?parent=4309"}],"wp:term":[{"taxonomy":"category","embeddable":true,"href":"https:\/\/uz-izvor.hr\/en\/wp-json\/wp\/v2\/categories?post=4309"},{"taxonomy":"post_tag","embeddable":true,"href":"https:\/\/uz-izvor.hr\/en\/wp-json\/wp\/v2\/tags?post=4309"}],"curies":[{"name":"wp","href":"https:\/\/api.w.org\/{rel}","templated":true}]}}