{"id":4258,"date":"2025-10-24T17:16:13","date_gmt":"2025-10-24T17:16:13","guid":{"rendered":"https:\/\/uz-izvor.hr\/?p=4258"},"modified":"2025-10-24T17:24:24","modified_gmt":"2025-10-24T17:24:24","slug":"straiji_pa_sta_prica_5","status":"publish","type":"post","link":"https:\/\/uz-izvor.hr\/en\/straiji_pa_sta_prica_5\/","title":{"rendered":"Stariji, pa \u0161ta? \u2013 pri\u010da 5."},"content":{"rendered":"<figure class=\"wp-block-image size-full\"><img fetchpriority=\"high\" decoding=\"async\" width=\"643\" height=\"360\" src=\"https:\/\/uz-izvor.hr\/wp-content\/uploads\/2025\/10\/557319513_774521545580547_8813817430008455284_n-1.jpg\" alt=\"Stariji, pa \u0161ta?! Udruga \u017eena Izvor\" class=\"wp-image-4234\" srcset=\"https:\/\/uz-izvor.hr\/wp-content\/uploads\/2025\/10\/557319513_774521545580547_8813817430008455284_n-1.jpg 643w, https:\/\/uz-izvor.hr\/wp-content\/uploads\/2025\/10\/557319513_774521545580547_8813817430008455284_n-1-300x168.jpg 300w, https:\/\/uz-izvor.hr\/wp-content\/uploads\/2025\/10\/557319513_774521545580547_8813817430008455284_n-1-18x10.jpg 18w\" sizes=\"(max-width: 643px) 100vw, 643px\" \/><\/figure>\n\n\n\n<h2 class=\"wp-block-heading\">Rozalija, 67 godina<\/h2>\n\n\n\n<p>Zovemo je teta Rozika, ali pravo ime joj je Rozalija. Ima 67 godina, kroja\u010dica je u mirovini, a radila je i kao kuharica i domar. Iako je njezino djetinjstvo odavno zavr\u0161ilo, rado ga se i \u201ekao ju\u010der\u201c sje\u0107a.<\/p>\n\n\n\n<p>Odrasla okru\u017eena ljudima razli\u010dite dobi, najvi\u0161e jer je u ku\u0107i \u017eivjelo \u010dak \u010detiri generacije: ona, sestra, mama, stric i strina s djecom, baka i prabaka. <\/p>\n\n\n\n<blockquote class=\"wp-block-quote is-layout-flow wp-block-quote-is-layout-flow\">\n<p><em>\u201ePrabaka nas je \u010duvala dok su roditelji radili. <strong>Uvijek je bilo kao vrti\u0107 kod nas<\/strong>, do\u0161lo bi jo\u0161 djece, na\u0161e prijateljice. <strong>I tada nije bilo kao danas &#8211; samo u\u010di.<\/strong> Nego bi nam nave\u010der rekli \u0161ta \u0107emo sutradan raditi: plijeviti per\u0161un, luk, imala sam svoju ba\u0161ticu. I tako smo nau\u010dili kako raditi. Tako sam sa sedam godina po\u010dela kuhati, paradajiz juhu i trgance, koje sam sama mijesila, sama\u201c,<\/em> opisuje nam.<\/p>\n<\/blockquote>\n\n\n\n<p>Rozalija na sva na\u0161a pitanja odgovara bez pauze i s jasnim stavom, kao \u0161to to mo\u017ee \u010dovjek s iskustvom i mudrosti koje godine nose sa sobom. Na isti na\u010din odgovara na pitanje o tome koja je najve\u0107a razlika izme\u0111u vremena kada je ona bila mala i sada\u0161njeg vremena. <\/p>\n\n\n\n<blockquote class=\"wp-block-quote is-layout-flow wp-block-quote-is-layout-flow\">\n<p><em>\u201eMislim da je moje djetinjstvo bilo puno sretnije nego \u0161to je djeci danas. Oni danas sve dobiju i svaka igra\u010dka im traje sat-dva i ve\u0107 je odbacuju. <strong>Mi smo igra\u010dke sami morali izmisliti, radili smo bebe od kukuruza, s blatom smo se igrali, crtali smo u zemlji \u0161kolu pa bacali crijep i skakali.<\/strong> Od papira smo radili lutku, na nju smo crtali haljine. I dan danas to pamtim\u201c<\/em>, opisuje nam Rozalija.<\/p>\n<\/blockquote>\n\n\n\n<p>Zanimalo nas je i vidi li razliku u odnosu prema starijim osobama nekada i danas? \u201eVelika je razlika, k&#8217;o nebo i zemlja. Mi nismo smjeli pro\u0107i preko sela, a da nekome ne ka\u017eemo dobar dan. I ne bi se dogodilo da netko mlad ne ustane i preda mjesto starijem od sebe. E, danas to tako ide, a nekada nije smjelo\u201c, prisje\u0107a se Rozalija.<\/p>\n\n\n\n<p>A ova ocjena da je nekada bilo bolje ne odnosi se samo na djecu. Smatra da se prije op\u0107enito bolje \u017eivjelo. <\/p>\n\n\n\n<blockquote class=\"wp-block-quote is-layout-flow wp-block-quote-is-layout-flow\">\n<p><em>&#8220;<strong>Te\u0161ko je bilo, puno smo morali raditi, ali vi\u0161e po\u0161tovanje smo dobili<\/strong>. Radnici su dobivali vi\u0161e po\u0161tovanja nego \u0161to dobivaju danas\u201c, istaknula nam je Rozalija.<\/em><\/p>\n<\/blockquote>\n\n\n\n<p>Uz majku je nau\u010dila i \u0161ivati i kuhati, a iako se \u0161kolovala za kroja\u010dicu, nije dugo radila taj posao, najvi\u0161e zbog premale pla\u0107e, pa je mirovinu do\u010dekala kao kuharica. \u201eI onda su me pitali bi li htjela ostati tamo i nastaviti raditi, ali nisam, morala sam zbog zdravlja oti\u0107i\u201c.<\/p>\n\n\n\n<figure class=\"wp-block-image size-full\"><img decoding=\"async\" width=\"940\" height=\"788\" src=\"https:\/\/uz-izvor.hr\/wp-content\/uploads\/2025\/10\/Rozalija-1.png\" alt=\"Stariji, pa \u0161ta?! Udruga \u017eena Izvor\" class=\"wp-image-4263\" srcset=\"https:\/\/uz-izvor.hr\/wp-content\/uploads\/2025\/10\/Rozalija-1.png 940w, https:\/\/uz-izvor.hr\/wp-content\/uploads\/2025\/10\/Rozalija-1-300x251.png 300w, https:\/\/uz-izvor.hr\/wp-content\/uploads\/2025\/10\/Rozalija-1-768x644.png 768w, https:\/\/uz-izvor.hr\/wp-content\/uploads\/2025\/10\/Rozalija-1-14x12.png 14w, https:\/\/uz-izvor.hr\/wp-content\/uploads\/2025\/10\/Rozalija-1-650x545.png 650w\" sizes=\"(max-width: 940px) 100vw, 940px\" \/><\/figure>\n\n\n\n<p>I dok ve\u0107ina zaposlenih ljudi svih generacija ma\u0161ta o trenutku kad \u0107e oti\u0107i u mirovinu i napokon odmoriti od te\u0161kog rada, \u017eurbe da se negdje stigne i obavi sve obaveze, mirovina za Rozaliju ne zna\u010di i mirovanje. \u201eNe mogu ja samo sjediti i gledati, nemam mira. Imam ovu malu ba\u0161ticu. Ali meni nije samo to dovoljno\u201c, ka\u017ee Rozalija, koja izra\u0111uje i nakit, ali najradije od svega radi figurice od gipsa. Sove, \u010damac, slona, an\u0111ele, \u0161koljke, posudice. Pitali smo je i ima li dana kad joj ovaj rad i ne ide, kada nije zadovoljna ili raspolo\u017eena? <\/p>\n\n\n\n<blockquote class=\"wp-block-quote is-layout-flow wp-block-quote-is-layout-flow\">\n<p><em>\u201eNema, ja kad to po\u010dnem raditi, onda u tome u\u017eivam i zaboravim na vrijeme i na sve ostalo. Samo se koncentriram i vrijeme stane\u201c<\/em>, pri\u010da nam Rozalija.<\/p>\n<\/blockquote>\n\n\n\n<p>Na kraju, razgovor ne mo\u017ee pro\u0107i bez barem jedne poruke mla\u0111im generacijama, a Rozalijina glasi: <strong>ostavite mobitele i budite kreativni.<\/strong> Iza tih rije\u010di stoji zabrinutost za smjer u kojem se ljudske navike mijenjaju, \u0161to utje\u010de na \u017eivote i pojedinaca i obitelji i, na kraju, \u010ditavog dru\u0161tva. Ta zabrinutost nam zvu\u010di poznato i vjerojatno se barem u jednom trenutku pojavila kod ve\u0107ine ljudi.<\/p>\n\n\n\n<blockquote class=\"wp-block-quote is-layout-flow wp-block-quote-is-layout-flow\">\n<p><em>\u201eNije pametno samo gledati u mobitel, treba malo kreativnosti, osloboditi mozak od tog velikog optere\u0107enja. A mobitel je i tro\u0161ak, na njemu bude sva\u0161ta, samo se gubi vrijeme, fantazira i nema ni\u0161ta od toga. Bolje raditi ne\u0161to kreativno, to je em korisno, em lijepo\u201c<\/em>, misli Rozalija.<\/p>\n<\/blockquote>\n\n\n\n<p>A nama je bilo i lijepo i korisno s Rozalijom razgovarati. Njena pri\u010da je jedna u nizu kojom \u017eelimo otkriti i istaknuti vrijednosti koje nose najstariji me\u0111u nama, a koje pre\u010desto ostaju u sjeni predrasuda i stereotipa. Svi u tome mo\u017eete sudjelovati i imate priliku po\u010deti ve\u0107 sada: dijeljenjem ove pri\u010de ili sli\u010dnim razgovorima sa starijima koji nas okru\u017euju.<\/p>\n\n\n\n<p><span style=\"text-decoration: underline;\">Ovo je jedna pri\u010da u nizu kojom \u017eelimo otkriti i istaknuti vrijednosti koje nose najstariji me\u0111u nama, a koje pre\u010desto ostaju u sjeni predrasuda i stereotipa. Svi u tome mo\u017eete sudjelovati i imate priliku po\u010deti ve\u0107 sada: dijeljenjem ove pri\u010de ili sli\u010dnim razgovorima sa starijima koji nas okru\u017euju.<\/span><\/p>\n\n\n\n<p>Prethodne pri\u010du iz ovog serijala mo\u017eete pro\u010ditati ovdje:<\/p>\n\n\n\n<ol class=\"wp-block-list\">\n<li>pri\u010da &#8211; <a href=\"https:\/\/uz-izvor.hr\/en\/stariji-pa-sta-prica-1\/\" target=\"_blank\" rel=\"noreferrer noopener\">Arpad<\/a><\/li>\n\n\n\n<li>pri\u010da &#8211; <a href=\"https:\/\/uz-izvor.hr\/en\/stariji-pa-sta-prica-2\/\" target=\"_blank\" rel=\"noreferrer noopener\">Bo\u017eana<\/a><\/li>\n\n\n\n<li>pri\u010da &#8211; <a href=\"https:\/\/uz-izvor.hr\/en\/stariji-pa-sta-prica-3\/\" target=\"_blank\" rel=\"noreferrer noopener\">Savka<\/a><\/li>\n\n\n\n<li>pri\u010da &#8211; <a href=\"https:\/\/uz-izvor.hr\/en\/stariji-pa-sta-prica-4\/\" target=\"_blank\" rel=\"noreferrer noopener\">Zsuzsana<\/a><\/li>\n<\/ol>\n\n\n\n<p><\/p>","protected":false},"excerpt":{"rendered":"<p>Rozalija, 67 godina Zovemo je teta Rozika, ali pravo ime joj je Rozalija. Ima 67 [&hellip;]<\/p>\n","protected":false},"author":2,"featured_media":4263,"comment_status":"closed","ping_status":"open","sticky":false,"template":"","format":"standard","meta":{"footnotes":""},"categories":[33,7],"tags":[],"class_list":["post-4258","post","type-post","status-publish","format-standard","has-post-thumbnail","hentry","category-starimo-zajedno","category-vijesti"],"yoast_head":"<!-- This site is optimized with the Yoast SEO plugin v27.3 - https:\/\/yoast.com\/product\/yoast-seo-wordpress\/ -->\n<title>Stariji, pa \u0161ta? \u2013 pri\u010da 5. - Udruga \u017eena &quot;Izvor&quot;<\/title>\n<meta name=\"description\" content=\"Nije pametno samo gledati u mobitel, treba malo kreativnosti, osloboditi mozak od tog velikog optere\u0107enja. A mobitel je i tro\u0161ak, na njemu...\" \/>\n<meta name=\"robots\" content=\"index, follow, max-snippet:-1, max-image-preview:large, max-video-preview:-1\" \/>\n<link rel=\"canonical\" href=\"https:\/\/uz-izvor.hr\/en\/straiji_pa_sta_prica_5\/\" \/>\n<meta property=\"og:locale\" content=\"en_US\" \/>\n<meta property=\"og:type\" content=\"article\" \/>\n<meta property=\"og:title\" content=\"Stariji, pa \u0161ta? \u2013 pri\u010da 5. - Udruga \u017eena &quot;Izvor&quot;\" \/>\n<meta property=\"og:description\" content=\"Nije pametno samo gledati u mobitel, treba malo kreativnosti, osloboditi mozak od tog velikog optere\u0107enja. A mobitel je i tro\u0161ak, na njemu...\" \/>\n<meta property=\"og:url\" content=\"https:\/\/uz-izvor.hr\/en\/straiji_pa_sta_prica_5\/\" \/>\n<meta property=\"og:site_name\" content=\"Udruga \u017eena &quot;Izvor&quot;\" \/>\n<meta property=\"article:publisher\" content=\"https:\/\/www.facebook.com\/profile.php?id=100090681250286\" \/>\n<meta property=\"article:published_time\" content=\"2025-10-24T17:16:13+00:00\" \/>\n<meta property=\"article:modified_time\" content=\"2025-10-24T17:24:24+00:00\" \/>\n<meta property=\"og:image\" content=\"https:\/\/uz-izvor.hr\/wp-content\/uploads\/2025\/10\/Rozalija-1.png\" \/>\n\t<meta property=\"og:image:width\" content=\"940\" \/>\n\t<meta property=\"og:image:height\" content=\"788\" \/>\n\t<meta property=\"og:image:type\" content=\"image\/png\" \/>\n<meta name=\"author\" content=\"Udruga \u017eena Izvor\" \/>\n<meta name=\"twitter:card\" content=\"summary_large_image\" \/>\n<meta name=\"twitter:label1\" content=\"Written by\" \/>\n\t<meta name=\"twitter:data1\" content=\"Udruga \u017eena Izvor\" \/>\n\t<meta name=\"twitter:label2\" content=\"Est. reading time\" \/>\n\t<meta name=\"twitter:data2\" content=\"4 minutes\" \/>\n<script type=\"application\/ld+json\" class=\"yoast-schema-graph\">{\"@context\":\"https:\\\/\\\/schema.org\",\"@graph\":[{\"@type\":\"Article\",\"@id\":\"https:\\\/\\\/uz-izvor.hr\\\/straiji_pa_sta_prica_5\\\/#article\",\"isPartOf\":{\"@id\":\"https:\\\/\\\/uz-izvor.hr\\\/straiji_pa_sta_prica_5\\\/\"},\"author\":{\"name\":\"Udruga \u017eena Izvor\",\"@id\":\"https:\\\/\\\/uz-izvor.hr\\\/#\\\/schema\\\/person\\\/ba3079113f8461ad4f1be4299dcb27ba\"},\"headline\":\"Stariji, pa \u0161ta? \u2013 pri\u010da 5.\",\"datePublished\":\"2025-10-24T17:16:13+00:00\",\"dateModified\":\"2025-10-24T17:24:24+00:00\",\"mainEntityOfPage\":{\"@id\":\"https:\\\/\\\/uz-izvor.hr\\\/straiji_pa_sta_prica_5\\\/\"},\"wordCount\":863,\"publisher\":{\"@id\":\"https:\\\/\\\/uz-izvor.hr\\\/#organization\"},\"image\":{\"@id\":\"https:\\\/\\\/uz-izvor.hr\\\/straiji_pa_sta_prica_5\\\/#primaryimage\"},\"thumbnailUrl\":\"https:\\\/\\\/uz-izvor.hr\\\/wp-content\\\/uploads\\\/2025\\\/10\\\/Rozalija-1.png\",\"articleSection\":[\"Starimo zajedno\",\"Vijesti\"],\"inLanguage\":\"en-US\"},{\"@type\":\"WebPage\",\"@id\":\"https:\\\/\\\/uz-izvor.hr\\\/straiji_pa_sta_prica_5\\\/\",\"url\":\"https:\\\/\\\/uz-izvor.hr\\\/straiji_pa_sta_prica_5\\\/\",\"name\":\"Stariji, pa \u0161ta? \u2013 pri\u010da 5. - Udruga \u017eena &quot;Izvor&quot;\",\"isPartOf\":{\"@id\":\"https:\\\/\\\/uz-izvor.hr\\\/#website\"},\"primaryImageOfPage\":{\"@id\":\"https:\\\/\\\/uz-izvor.hr\\\/straiji_pa_sta_prica_5\\\/#primaryimage\"},\"image\":{\"@id\":\"https:\\\/\\\/uz-izvor.hr\\\/straiji_pa_sta_prica_5\\\/#primaryimage\"},\"thumbnailUrl\":\"https:\\\/\\\/uz-izvor.hr\\\/wp-content\\\/uploads\\\/2025\\\/10\\\/Rozalija-1.png\",\"datePublished\":\"2025-10-24T17:16:13+00:00\",\"dateModified\":\"2025-10-24T17:24:24+00:00\",\"description\":\"Nije pametno samo gledati u mobitel, treba malo kreativnosti, osloboditi mozak od tog velikog optere\u0107enja. A mobitel je i tro\u0161ak, na njemu...\",\"breadcrumb\":{\"@id\":\"https:\\\/\\\/uz-izvor.hr\\\/straiji_pa_sta_prica_5\\\/#breadcrumb\"},\"inLanguage\":\"en-US\",\"potentialAction\":[{\"@type\":\"ReadAction\",\"target\":[\"https:\\\/\\\/uz-izvor.hr\\\/straiji_pa_sta_prica_5\\\/\"]}]},{\"@type\":\"ImageObject\",\"inLanguage\":\"en-US\",\"@id\":\"https:\\\/\\\/uz-izvor.hr\\\/straiji_pa_sta_prica_5\\\/#primaryimage\",\"url\":\"https:\\\/\\\/uz-izvor.hr\\\/wp-content\\\/uploads\\\/2025\\\/10\\\/Rozalija-1.png\",\"contentUrl\":\"https:\\\/\\\/uz-izvor.hr\\\/wp-content\\\/uploads\\\/2025\\\/10\\\/Rozalija-1.png\",\"width\":940,\"height\":788,\"caption\":\"Stariji, pa \u0161ta?! Udruga \u017eena Izvor\"},{\"@type\":\"BreadcrumbList\",\"@id\":\"https:\\\/\\\/uz-izvor.hr\\\/straiji_pa_sta_prica_5\\\/#breadcrumb\",\"itemListElement\":[{\"@type\":\"ListItem\",\"position\":1,\"name\":\"Po\u010detna stranica\",\"item\":\"https:\\\/\\\/uz-izvor.hr\\\/\"},{\"@type\":\"ListItem\",\"position\":2,\"name\":\"Stariji, pa \u0161ta? \u2013 pri\u010da 5.\"}]},{\"@type\":\"WebSite\",\"@id\":\"https:\\\/\\\/uz-izvor.hr\\\/#website\",\"url\":\"https:\\\/\\\/uz-izvor.hr\\\/\",\"name\":\"Udruga \u017eena \\\"Izvor\\\"\",\"description\":\"Web stranica udruge \u017eena &quot;Izvor&quot;\",\"publisher\":{\"@id\":\"https:\\\/\\\/uz-izvor.hr\\\/#organization\"},\"potentialAction\":[{\"@type\":\"SearchAction\",\"target\":{\"@type\":\"EntryPoint\",\"urlTemplate\":\"https:\\\/\\\/uz-izvor.hr\\\/?s={search_term_string}\"},\"query-input\":{\"@type\":\"PropertyValueSpecification\",\"valueRequired\":true,\"valueName\":\"search_term_string\"}}],\"inLanguage\":\"en-US\"},{\"@type\":\"Organization\",\"@id\":\"https:\\\/\\\/uz-izvor.hr\\\/#organization\",\"name\":\"Udruga \u017eena \\\"Izvor\\\"\",\"url\":\"https:\\\/\\\/uz-izvor.hr\\\/\",\"logo\":{\"@type\":\"ImageObject\",\"inLanguage\":\"en-US\",\"@id\":\"https:\\\/\\\/uz-izvor.hr\\\/#\\\/schema\\\/logo\\\/image\\\/\",\"url\":\"https:\\\/\\\/uz-izvor.hr\\\/wp-content\\\/uploads\\\/2024\\\/03\\\/Izvor-logo-header-2.png\",\"contentUrl\":\"https:\\\/\\\/uz-izvor.hr\\\/wp-content\\\/uploads\\\/2024\\\/03\\\/Izvor-logo-header-2.png\",\"width\":356,\"height\":78,\"caption\":\"Udruga \u017eena \\\"Izvor\\\"\"},\"image\":{\"@id\":\"https:\\\/\\\/uz-izvor.hr\\\/#\\\/schema\\\/logo\\\/image\\\/\"},\"sameAs\":[\"https:\\\/\\\/www.facebook.com\\\/profile.php?id=100090681250286\"]},{\"@type\":\"Person\",\"@id\":\"https:\\\/\\\/uz-izvor.hr\\\/#\\\/schema\\\/person\\\/ba3079113f8461ad4f1be4299dcb27ba\",\"name\":\"Udruga \u017eena Izvor\",\"image\":{\"@type\":\"ImageObject\",\"inLanguage\":\"en-US\",\"@id\":\"https:\\\/\\\/secure.gravatar.com\\\/avatar\\\/3eb043bed2aed6aa8304ef00eeab275b74962114ec00776c9bc002105df5d9b0?s=96&d=mm&r=g\",\"url\":\"https:\\\/\\\/secure.gravatar.com\\\/avatar\\\/3eb043bed2aed6aa8304ef00eeab275b74962114ec00776c9bc002105df5d9b0?s=96&d=mm&r=g\",\"contentUrl\":\"https:\\\/\\\/secure.gravatar.com\\\/avatar\\\/3eb043bed2aed6aa8304ef00eeab275b74962114ec00776c9bc002105df5d9b0?s=96&d=mm&r=g\",\"caption\":\"Udruga \u017eena Izvor\"},\"url\":\"https:\\\/\\\/uz-izvor.hr\\\/en\\\/author\\\/udruga-zena-izvor\\\/\"}]}<\/script>\n<!-- \/ Yoast SEO plugin. -->","yoast_head_json":{"title":"Stariji, pa \u0161ta? \u2013 pri\u010da 5. - Udruga \u017eena &quot;Izvor&quot;","description":"Nije pametno samo gledati u mobitel, treba malo kreativnosti, osloboditi mozak od tog velikog optere\u0107enja. A mobitel je i tro\u0161ak, na njemu...","robots":{"index":"index","follow":"follow","max-snippet":"max-snippet:-1","max-image-preview":"max-image-preview:large","max-video-preview":"max-video-preview:-1"},"canonical":"https:\/\/uz-izvor.hr\/en\/straiji_pa_sta_prica_5\/","og_locale":"en_US","og_type":"article","og_title":"Stariji, pa \u0161ta? \u2013 pri\u010da 5. - Udruga \u017eena &quot;Izvor&quot;","og_description":"Nije pametno samo gledati u mobitel, treba malo kreativnosti, osloboditi mozak od tog velikog optere\u0107enja. A mobitel je i tro\u0161ak, na njemu...","og_url":"https:\/\/uz-izvor.hr\/en\/straiji_pa_sta_prica_5\/","og_site_name":"Udruga \u017eena &quot;Izvor&quot;","article_publisher":"https:\/\/www.facebook.com\/profile.php?id=100090681250286","article_published_time":"2025-10-24T17:16:13+00:00","article_modified_time":"2025-10-24T17:24:24+00:00","og_image":[{"width":940,"height":788,"url":"https:\/\/uz-izvor.hr\/wp-content\/uploads\/2025\/10\/Rozalija-1.png","type":"image\/png"}],"author":"Udruga \u017eena Izvor","twitter_card":"summary_large_image","twitter_misc":{"Written by":"Udruga \u017eena Izvor","Est. reading time":"4 minutes"},"schema":{"@context":"https:\/\/schema.org","@graph":[{"@type":"Article","@id":"https:\/\/uz-izvor.hr\/straiji_pa_sta_prica_5\/#article","isPartOf":{"@id":"https:\/\/uz-izvor.hr\/straiji_pa_sta_prica_5\/"},"author":{"name":"Udruga \u017eena Izvor","@id":"https:\/\/uz-izvor.hr\/#\/schema\/person\/ba3079113f8461ad4f1be4299dcb27ba"},"headline":"Stariji, pa \u0161ta? \u2013 pri\u010da 5.","datePublished":"2025-10-24T17:16:13+00:00","dateModified":"2025-10-24T17:24:24+00:00","mainEntityOfPage":{"@id":"https:\/\/uz-izvor.hr\/straiji_pa_sta_prica_5\/"},"wordCount":863,"publisher":{"@id":"https:\/\/uz-izvor.hr\/#organization"},"image":{"@id":"https:\/\/uz-izvor.hr\/straiji_pa_sta_prica_5\/#primaryimage"},"thumbnailUrl":"https:\/\/uz-izvor.hr\/wp-content\/uploads\/2025\/10\/Rozalija-1.png","articleSection":["Starimo zajedno","Vijesti"],"inLanguage":"en-US"},{"@type":"WebPage","@id":"https:\/\/uz-izvor.hr\/straiji_pa_sta_prica_5\/","url":"https:\/\/uz-izvor.hr\/straiji_pa_sta_prica_5\/","name":"Stariji, pa \u0161ta? \u2013 pri\u010da 5. - Udruga \u017eena &quot;Izvor&quot;","isPartOf":{"@id":"https:\/\/uz-izvor.hr\/#website"},"primaryImageOfPage":{"@id":"https:\/\/uz-izvor.hr\/straiji_pa_sta_prica_5\/#primaryimage"},"image":{"@id":"https:\/\/uz-izvor.hr\/straiji_pa_sta_prica_5\/#primaryimage"},"thumbnailUrl":"https:\/\/uz-izvor.hr\/wp-content\/uploads\/2025\/10\/Rozalija-1.png","datePublished":"2025-10-24T17:16:13+00:00","dateModified":"2025-10-24T17:24:24+00:00","description":"Nije pametno samo gledati u mobitel, treba malo kreativnosti, osloboditi mozak od tog velikog optere\u0107enja. A mobitel je i tro\u0161ak, na njemu...","breadcrumb":{"@id":"https:\/\/uz-izvor.hr\/straiji_pa_sta_prica_5\/#breadcrumb"},"inLanguage":"en-US","potentialAction":[{"@type":"ReadAction","target":["https:\/\/uz-izvor.hr\/straiji_pa_sta_prica_5\/"]}]},{"@type":"ImageObject","inLanguage":"en-US","@id":"https:\/\/uz-izvor.hr\/straiji_pa_sta_prica_5\/#primaryimage","url":"https:\/\/uz-izvor.hr\/wp-content\/uploads\/2025\/10\/Rozalija-1.png","contentUrl":"https:\/\/uz-izvor.hr\/wp-content\/uploads\/2025\/10\/Rozalija-1.png","width":940,"height":788,"caption":"Stariji, pa \u0161ta?! Udruga \u017eena Izvor"},{"@type":"BreadcrumbList","@id":"https:\/\/uz-izvor.hr\/straiji_pa_sta_prica_5\/#breadcrumb","itemListElement":[{"@type":"ListItem","position":1,"name":"Po\u010detna stranica","item":"https:\/\/uz-izvor.hr\/"},{"@type":"ListItem","position":2,"name":"Stariji, pa \u0161ta? \u2013 pri\u010da 5."}]},{"@type":"WebSite","@id":"https:\/\/uz-izvor.hr\/#website","url":"https:\/\/uz-izvor.hr\/","name":"Udruga \u017eena \"Izvor\"","description":"Web stranica udruge \u017eena &quot;Izvor&quot;","publisher":{"@id":"https:\/\/uz-izvor.hr\/#organization"},"potentialAction":[{"@type":"SearchAction","target":{"@type":"EntryPoint","urlTemplate":"https:\/\/uz-izvor.hr\/?s={search_term_string}"},"query-input":{"@type":"PropertyValueSpecification","valueRequired":true,"valueName":"search_term_string"}}],"inLanguage":"en-US"},{"@type":"Organization","@id":"https:\/\/uz-izvor.hr\/#organization","name":"Udruga \u017eena \"Izvor\"","url":"https:\/\/uz-izvor.hr\/","logo":{"@type":"ImageObject","inLanguage":"en-US","@id":"https:\/\/uz-izvor.hr\/#\/schema\/logo\/image\/","url":"https:\/\/uz-izvor.hr\/wp-content\/uploads\/2024\/03\/Izvor-logo-header-2.png","contentUrl":"https:\/\/uz-izvor.hr\/wp-content\/uploads\/2024\/03\/Izvor-logo-header-2.png","width":356,"height":78,"caption":"Udruga \u017eena \"Izvor\""},"image":{"@id":"https:\/\/uz-izvor.hr\/#\/schema\/logo\/image\/"},"sameAs":["https:\/\/www.facebook.com\/profile.php?id=100090681250286"]},{"@type":"Person","@id":"https:\/\/uz-izvor.hr\/#\/schema\/person\/ba3079113f8461ad4f1be4299dcb27ba","name":"Udruga \u017eena Izvor","image":{"@type":"ImageObject","inLanguage":"en-US","@id":"https:\/\/secure.gravatar.com\/avatar\/3eb043bed2aed6aa8304ef00eeab275b74962114ec00776c9bc002105df5d9b0?s=96&d=mm&r=g","url":"https:\/\/secure.gravatar.com\/avatar\/3eb043bed2aed6aa8304ef00eeab275b74962114ec00776c9bc002105df5d9b0?s=96&d=mm&r=g","contentUrl":"https:\/\/secure.gravatar.com\/avatar\/3eb043bed2aed6aa8304ef00eeab275b74962114ec00776c9bc002105df5d9b0?s=96&d=mm&r=g","caption":"Udruga \u017eena Izvor"},"url":"https:\/\/uz-izvor.hr\/en\/author\/udruga-zena-izvor\/"}]}},"_links":{"self":[{"href":"https:\/\/uz-izvor.hr\/en\/wp-json\/wp\/v2\/posts\/4258","targetHints":{"allow":["GET"]}}],"collection":[{"href":"https:\/\/uz-izvor.hr\/en\/wp-json\/wp\/v2\/posts"}],"about":[{"href":"https:\/\/uz-izvor.hr\/en\/wp-json\/wp\/v2\/types\/post"}],"author":[{"embeddable":true,"href":"https:\/\/uz-izvor.hr\/en\/wp-json\/wp\/v2\/users\/2"}],"replies":[{"embeddable":true,"href":"https:\/\/uz-izvor.hr\/en\/wp-json\/wp\/v2\/comments?post=4258"}],"version-history":[{"count":2,"href":"https:\/\/uz-izvor.hr\/en\/wp-json\/wp\/v2\/posts\/4258\/revisions"}],"predecessor-version":[{"id":4264,"href":"https:\/\/uz-izvor.hr\/en\/wp-json\/wp\/v2\/posts\/4258\/revisions\/4264"}],"wp:featuredmedia":[{"embeddable":true,"href":"https:\/\/uz-izvor.hr\/en\/wp-json\/wp\/v2\/media\/4263"}],"wp:attachment":[{"href":"https:\/\/uz-izvor.hr\/en\/wp-json\/wp\/v2\/media?parent=4258"}],"wp:term":[{"taxonomy":"category","embeddable":true,"href":"https:\/\/uz-izvor.hr\/en\/wp-json\/wp\/v2\/categories?post=4258"},{"taxonomy":"post_tag","embeddable":true,"href":"https:\/\/uz-izvor.hr\/en\/wp-json\/wp\/v2\/tags?post=4258"}],"curies":[{"name":"wp","href":"https:\/\/api.w.org\/{rel}","templated":true}]}}