{"id":1140,"date":"2023-07-05T21:21:00","date_gmt":"2023-07-05T21:21:00","guid":{"rendered":"https:\/\/uz-izvor.hr\/?p=1140"},"modified":"2024-07-22T07:06:35","modified_gmt":"2024-07-22T07:06:35","slug":"prava_iz_sustava_socijalne-skrbi_2","status":"publish","type":"post","link":"https:\/\/uz-izvor.hr\/en\/prava_iz_sustava_socijalne-skrbi_2\/","title":{"rendered":"Prava iz sustava socijalne skrbi za starije osobe 2\/2 &#8211; a\u017eurirano"},"content":{"rendered":"<div data-elementor-type=\"wp-post\" data-elementor-id=\"1140\" class=\"elementor elementor-1140\">\n\t\t\t\t<div class=\"elementor-element elementor-element-79228238 e-flex e-con-boxed e-con e-parent\" data-id=\"79228238\" data-element_type=\"container\">\n\t\t\t\t\t<div class=\"e-con-inner\">\n\t\t\t\t<div class=\"elementor-element elementor-element-1fa3b6c6 elementor-widget elementor-widget-text-editor\" data-id=\"1fa3b6c6\" data-element_type=\"widget\" data-widget_type=\"text-editor.default\">\n\t\t\t\t<div class=\"elementor-widget-container\">\n\t\t\t\t\t\t\t\t\t<p><\/p>\n<p><span style=\"text-decoration: underline;\"><em><strong>TEKST JE A\u017dURIRAN 10. 5. 2024. GODINE U SKLADU S IZMJENAMA ZAKONA<\/strong><\/em><\/span><\/p>\n<p>Osim nov\u010danih vrsta pomo\u0107i o kojima smo pisali u <a href=\"http:\/\/prava_iz_sustava_socijalne_skrbi\/\" target=\"_blank\" rel=\"noreferrer noopener\">prethodnom \u010dlanku<\/a>, starije osobe mogu ostvariti pravo na sljede\u0107e socijalne usluge:<\/p>\n<p><\/p>\t\t\t\t\t\t\t\t<\/div>\n\t\t\t\t<\/div>\n\t\t\t\t\t<\/div>\n\t\t\t\t<\/div>\n\t\t<div class=\"elementor-element elementor-element-54c2424 e-flex e-con-boxed e-con e-parent\" data-id=\"54c2424\" data-element_type=\"container\">\n\t\t\t\t\t<div class=\"e-con-inner\">\n\t\t\t\t<div class=\"elementor-element elementor-element-b6a9228 elementor-widget elementor-widget-toggle\" data-id=\"b6a9228\" data-element_type=\"widget\" data-widget_type=\"toggle.default\">\n\t\t\t\t<div class=\"elementor-widget-container\">\n\t\t\t\t\t\t\t<div class=\"elementor-toggle\">\n\t\t\t\t\t\t\t<div class=\"elementor-toggle-item\">\n\t\t\t\t\t<div id=\"elementor-tab-title-1911\" class=\"elementor-tab-title\" data-tab=\"1\" role=\"button\" aria-controls=\"elementor-tab-content-1911\" aria-expanded=\"false\">\n\t\t\t\t\t\t\t\t\t\t\t\t<span class=\"elementor-toggle-icon elementor-toggle-icon-left\" aria-hidden=\"true\">\n\t\t\t\t\t\t\t\t\t\t\t\t\t\t\t<span class=\"elementor-toggle-icon-closed\"><svg class=\"e-font-icon-svg e-fas-caret-right\" viewbox=\"0 0 192 512\" xmlns=\"http:\/\/www.w3.org\/2000\/svg\"><path d=\"M0 384.662V127.338c0-17.818 21.543-26.741 34.142-14.142l128.662 128.662c7.81 7.81 7.81 20.474 0 28.284L34.142 398.804C21.543 411.404 0 402.48 0 384.662z\"><\/path><\/svg><\/span>\n\t\t\t\t\t\t\t\t<span class=\"elementor-toggle-icon-opened\"><svg class=\"elementor-toggle-icon-opened e-font-icon-svg e-fas-caret-up\" viewbox=\"0 0 320 512\" xmlns=\"http:\/\/www.w3.org\/2000\/svg\"><path d=\"M288.662 352H31.338c-17.818 0-26.741-21.543-14.142-34.142l128.662-128.662c7.81-7.81 20.474-7.81 28.284 0l128.662 128.662c12.6 12.599 3.676 34.142-14.142 34.142z\"><\/path><\/svg><\/span>\n\t\t\t\t\t\t\t\t\t\t\t\t\t<\/span>\n\t\t\t\t\t\t\t\t\t\t\t\t<a class=\"elementor-toggle-title\" tabindex=\"0\">Savjetovanje<\/a>\n\t\t\t\t\t<\/div>\n\n\t\t\t\t\t<div id=\"elementor-tab-content-1911\" class=\"elementor-tab-content elementor-clearfix\" data-tab=\"1\" role=\"region\" aria-labelledby=\"elementor-tab-title-1911\"><p>Savjetovanje je socijalna usluga kojom stru\u010dna osoba u neposrednom kontaktu poti\u010de korisnika na razvoj novih mogu\u0107nosti sagledavanja \u017eivotne situacije sa svrhom prevladavanja te\u0161ko\u0107a, stvaranja uvjeta za o\u010duvanje i razvoj osobnih mogu\u0107nosti te odgovornog odnosa pojedinca prema samom sebi, obitelji i dru\u0161tvu. Obuhva\u0107a individualni rad s korisnikom i\/ili \u010dlanovima njegove obitelji radi prevladavanja te\u0161ko\u0107a koje je mogu\u0107e rije\u0161iti kratkotrajnim intervencijama.<\/p><\/div>\n\t\t\t\t<\/div>\n\t\t\t\t\t\t\t<div class=\"elementor-toggle-item\">\n\t\t\t\t\t<div id=\"elementor-tab-title-1912\" class=\"elementor-tab-title\" data-tab=\"2\" role=\"button\" aria-controls=\"elementor-tab-content-1912\" aria-expanded=\"false\">\n\t\t\t\t\t\t\t\t\t\t\t\t<span class=\"elementor-toggle-icon elementor-toggle-icon-left\" aria-hidden=\"true\">\n\t\t\t\t\t\t\t\t\t\t\t\t\t\t\t<span class=\"elementor-toggle-icon-closed\"><svg class=\"e-font-icon-svg e-fas-caret-right\" viewbox=\"0 0 192 512\" xmlns=\"http:\/\/www.w3.org\/2000\/svg\"><path d=\"M0 384.662V127.338c0-17.818 21.543-26.741 34.142-14.142l128.662 128.662c7.81 7.81 7.81 20.474 0 28.284L34.142 398.804C21.543 411.404 0 402.48 0 384.662z\"><\/path><\/svg><\/span>\n\t\t\t\t\t\t\t\t<span class=\"elementor-toggle-icon-opened\"><svg class=\"elementor-toggle-icon-opened e-font-icon-svg e-fas-caret-up\" viewbox=\"0 0 320 512\" xmlns=\"http:\/\/www.w3.org\/2000\/svg\"><path d=\"M288.662 352H31.338c-17.818 0-26.741-21.543-14.142-34.142l128.662-128.662c7.81-7.81 20.474-7.81 28.284 0l128.662 128.662c12.6 12.599 3.676 34.142-14.142 34.142z\"><\/path><\/svg><\/span>\n\t\t\t\t\t\t\t\t\t\t\t\t\t<\/span>\n\t\t\t\t\t\t\t\t\t\t\t\t<a class=\"elementor-toggle-title\" tabindex=\"0\">Psihosocijalno savjetovanje<\/a>\n\t\t\t\t\t<\/div>\n\n\t\t\t\t\t<div id=\"elementor-tab-content-1912\" class=\"elementor-tab-content elementor-clearfix\" data-tab=\"2\" role=\"region\" aria-labelledby=\"elementor-tab-title-1912\"><p>Socijalna usluga kojom stru\u010dna osoba u neposrednom kontaktu poma\u017ee korisniku otkloniti te\u0161ko\u0107e u funkcioniranju u razli\u010ditim podru\u010djima \u017eivota s naglaskom na pona\u0161ajne, emocionalne, interpersonalne, socijalne, obrazovne, razvojne i organizacijske aspekte \u017eivota. Temelji se na<br \/>terapijskom odnosu u kojem se radi na smanjivanju aktualnih te\u0161ko\u0107a ili prevladavanju kriznih situacija. Usluga mo\u017ee trajati do \u0161est mjeseci, a obuhva\u0107a intenzivan rad s korisnikom i\/ili \u010dlanovima njegove obitelji.<\/p><\/div>\n\t\t\t\t<\/div>\n\t\t\t\t\t\t\t<div class=\"elementor-toggle-item\">\n\t\t\t\t\t<div id=\"elementor-tab-title-1913\" class=\"elementor-tab-title\" data-tab=\"3\" role=\"button\" aria-controls=\"elementor-tab-content-1913\" aria-expanded=\"false\">\n\t\t\t\t\t\t\t\t\t\t\t\t<span class=\"elementor-toggle-icon elementor-toggle-icon-left\" aria-hidden=\"true\">\n\t\t\t\t\t\t\t\t\t\t\t\t\t\t\t<span class=\"elementor-toggle-icon-closed\"><svg class=\"e-font-icon-svg e-fas-caret-right\" viewbox=\"0 0 192 512\" xmlns=\"http:\/\/www.w3.org\/2000\/svg\"><path d=\"M0 384.662V127.338c0-17.818 21.543-26.741 34.142-14.142l128.662 128.662c7.81 7.81 7.81 20.474 0 28.284L34.142 398.804C21.543 411.404 0 402.48 0 384.662z\"><\/path><\/svg><\/span>\n\t\t\t\t\t\t\t\t<span class=\"elementor-toggle-icon-opened\"><svg class=\"elementor-toggle-icon-opened e-font-icon-svg e-fas-caret-up\" viewbox=\"0 0 320 512\" xmlns=\"http:\/\/www.w3.org\/2000\/svg\"><path d=\"M288.662 352H31.338c-17.818 0-26.741-21.543-14.142-34.142l128.662-128.662c7.81-7.81 20.474-7.81 28.284 0l128.662 128.662c12.6 12.599 3.676 34.142-14.142 34.142z\"><\/path><\/svg><\/span>\n\t\t\t\t\t\t\t\t\t\t\t\t\t<\/span>\n\t\t\t\t\t\t\t\t\t\t\t\t<a class=\"elementor-toggle-title\" tabindex=\"0\">Obiteljska medijacija<\/a>\n\t\t\t\t\t<\/div>\n\n\t\t\t\t\t<div id=\"elementor-tab-content-1913\" class=\"elementor-tab-content elementor-clearfix\" data-tab=\"3\" role=\"region\" aria-labelledby=\"elementor-tab-title-1913\"><p>Obiteljska medijacija je socijalna usluga kojom se rje\u0161avaju sukobi i sporna pitanja izme\u0111u \u010dlanova obitelji uz pomo\u0107 obiteljskog medijatora. Svrha usluge je postizanje zajedni\u010dkog sporazuma i pregovaranje o spornim pitanjima. Pru\u017ea ju obiteljski medijator, a pru\u017ea se u trajanju od tri do osam<br \/>medijacijskih susreta u razdoblju do \u0161est mjeseci.<\/p><\/div>\n\t\t\t\t<\/div>\n\t\t\t\t\t\t\t<div class=\"elementor-toggle-item\">\n\t\t\t\t\t<div id=\"elementor-tab-title-1914\" class=\"elementor-tab-title\" data-tab=\"4\" role=\"button\" aria-controls=\"elementor-tab-content-1914\" aria-expanded=\"false\">\n\t\t\t\t\t\t\t\t\t\t\t\t<span class=\"elementor-toggle-icon elementor-toggle-icon-left\" aria-hidden=\"true\">\n\t\t\t\t\t\t\t\t\t\t\t\t\t\t\t<span class=\"elementor-toggle-icon-closed\"><svg class=\"e-font-icon-svg e-fas-caret-right\" viewbox=\"0 0 192 512\" xmlns=\"http:\/\/www.w3.org\/2000\/svg\"><path d=\"M0 384.662V127.338c0-17.818 21.543-26.741 34.142-14.142l128.662 128.662c7.81 7.81 7.81 20.474 0 28.284L34.142 398.804C21.543 411.404 0 402.48 0 384.662z\"><\/path><\/svg><\/span>\n\t\t\t\t\t\t\t\t<span class=\"elementor-toggle-icon-opened\"><svg class=\"elementor-toggle-icon-opened e-font-icon-svg e-fas-caret-up\" viewbox=\"0 0 320 512\" xmlns=\"http:\/\/www.w3.org\/2000\/svg\"><path d=\"M288.662 352H31.338c-17.818 0-26.741-21.543-14.142-34.142l128.662-128.662c7.81-7.81 20.474-7.81 28.284 0l128.662 128.662c12.6 12.599 3.676 34.142-14.142 34.142z\"><\/path><\/svg><\/span>\n\t\t\t\t\t\t\t\t\t\t\t\t\t<\/span>\n\t\t\t\t\t\t\t\t\t\t\t\t<a class=\"elementor-toggle-title\" tabindex=\"0\">Psihosocijalna podr\u0161ka<\/a>\n\t\t\t\t\t<\/div>\n\n\t\t\t\t\t<div id=\"elementor-tab-content-1914\" class=\"elementor-tab-content elementor-clearfix\" data-tab=\"4\" role=\"region\" aria-labelledby=\"elementor-tab-title-1914\"><p>Psihosocijalna podr\u0161ka obuhva\u0107a stru\u010dne postupke i druge oblike pomo\u0107i i podr\u0161ka kojima se poti\u010de razvoj i unaprje\u0111enje kognitivnih, funkcionalnih, komunikacijskih, govorno \u2013 jezi\u010dnih, socijalnih ili<br \/>odgojnih vje\u0161tina korisnika. Mo\u017ee se pru\u017eati pojedincu, obitelji ili udomitelju, individualno ili u grupi.<\/p>\n<p><br \/>Usluga psihosocijalne podr\u0161ke pojedincu odobrava se radi prevladavanja te\u0161ko\u0107a i osna\u017eivanja pojedinca u vezi s invaliditetom, starijom \u017eivotnom dobi, kriznim stanjima, nasiljem u obitelji te u drugim nepovoljnim okolnostima. Usluga se odobrava na temelju procjene rizike, snaga i potreba, a u skladu s individualnim planom promjene.<\/p>\n<p><br \/>Usluga psihosocijalne podr\u0161ke obitelji odobrava se radi prevladavanja obiteljskih te\u0161ko\u0107a i osna\u017eivanja obitelji za funkcioniranje u svakodnevnom \u017eivotu. Odobrava se kada se problemi i te\u0161ko\u0107e mogu rije\u0161iti samo promjenama u obitelji uz stru\u010dnu pomo\u0107 i podr\u0161ku.<\/p><\/div>\n\t\t\t\t<\/div>\n\t\t\t\t\t\t\t<div class=\"elementor-toggle-item\">\n\t\t\t\t\t<div id=\"elementor-tab-title-1915\" class=\"elementor-tab-title\" data-tab=\"5\" role=\"button\" aria-controls=\"elementor-tab-content-1915\" aria-expanded=\"false\">\n\t\t\t\t\t\t\t\t\t\t\t\t<span class=\"elementor-toggle-icon elementor-toggle-icon-left\" aria-hidden=\"true\">\n\t\t\t\t\t\t\t\t\t\t\t\t\t\t\t<span class=\"elementor-toggle-icon-closed\"><svg class=\"e-font-icon-svg e-fas-caret-right\" viewbox=\"0 0 192 512\" xmlns=\"http:\/\/www.w3.org\/2000\/svg\"><path d=\"M0 384.662V127.338c0-17.818 21.543-26.741 34.142-14.142l128.662 128.662c7.81 7.81 7.81 20.474 0 28.284L34.142 398.804C21.543 411.404 0 402.48 0 384.662z\"><\/path><\/svg><\/span>\n\t\t\t\t\t\t\t\t<span class=\"elementor-toggle-icon-opened\"><svg class=\"elementor-toggle-icon-opened e-font-icon-svg e-fas-caret-up\" viewbox=\"0 0 320 512\" xmlns=\"http:\/\/www.w3.org\/2000\/svg\"><path d=\"M288.662 352H31.338c-17.818 0-26.741-21.543-14.142-34.142l128.662-128.662c7.81-7.81 20.474-7.81 28.284 0l128.662 128.662c12.6 12.599 3.676 34.142-14.142 34.142z\"><\/path><\/svg><\/span>\n\t\t\t\t\t\t\t\t\t\t\t\t\t<\/span>\n\t\t\t\t\t\t\t\t\t\t\t\t<a class=\"elementor-toggle-title\" tabindex=\"0\">Osobna asistencija<\/a>\n\t\t\t\t\t<\/div>\n\n\t\t\t\t\t<div id=\"elementor-tab-content-1915\" class=\"elementor-tab-content elementor-clearfix\" data-tab=\"5\" role=\"region\" aria-labelledby=\"elementor-tab-title-1915\"><p>Osobna asistencija je socijalna usluga kojom se osobi s invaliditetom osigurava pomo\u0107 i podr\u0161ka u aktivnostima koje ne mo\u017ee izvoditi sama radi invaliditeta, a koje su joj svakodnevno potrebne u ku\u0107i i izvan ku\u0107e, te pomo\u0107 i podr\u0161ka u komunikaciji i primanju informacija. Svrha usluge je pove\u0107ati stupanj samostalnosti i uklju\u010denosti u zajednicu te ostvariti ravnopravnost osobe s invaliditetom s drugima.<\/p>\n<p><br \/>Uslugu osobne asistencije osobi s tjelesnim, intelektualnim ili mentalnim o\u0161te\u0107enjima pru\u017ea osobni asistent, osobi s o\u0161te\u0107enjem sluha i gluhoslijepoj osobi pru\u017ea komunikacijski posrednik, a osobi s<br \/>o\u0161te\u0107enjem vida uslugu pru\u017ea vide\u0107i pratitelj.<\/p>\n<p>Pravo na uslugu osobne asistencije koju pru\u017ea osobni asistent ne priznaje se osobi:<\/p>\n<ul>\n<li>koja ostvaruje uslugu pomo\u0107i u ku\u0107i<\/li>\n<li>kojoj je osigurana usluga smje\u0161taja ili organiziranog stanovanja<\/li>\n<li>\u010diji \u010dlan obitelji ima priznato pravo na status njegovatelja za potrebu skrbi o njoj (osim ako: \u017eivi sa samohranim roditeljem, \u017eivi u jednoroditeljskoj obitelji, \u017eivi u dvo\u010dlanom ku\u0107anstvu, \u017eivi u<br \/>ku\u0107anstvu s dvije ili vi\u0161e osoba s invaliditetom ili ako je potpuno ovisna o pomo\u0107i i njezi druge osobe)<\/li>\n<li>koja ostvaruje pravo na njegovatelja na temelju drugih propisa<\/li>\n<li>koja se nalazi u istra\u017enom zatvoru ili na izdr\u017eavanju kazne zatvora<\/li>\n<li>koja ostvaruje uslugu osobne asistencije koju pru\u017ea vide\u0107i pratitelj<\/li>\n<\/ul>\n<p>Pravo na uslugu osobne asistencije koju pru\u017ea vide\u0107i pratitelj ne priznaje se osobi:<\/p>\n<ul>\n<li>kojoj je osigurana usluga smje\u0161taja ili organiziranog stanovanja<\/li>\n<li>\u010diji \u010dlan obitelji ima priznato pravo na status njegovatelja za potrebu skrbi o njoj<\/li>\n<li>koja ostvaruje pravo na njegovatelja na temelju drugih propisa<\/li>\n<li>kojoj \u010dlan ku\u0107anstva mo\u017ee pru\u017eiti uslugu pratnje i pomo\u0107i u svakodnevnim aktivnostima sukladno njezinim potrebama<\/li>\n<li>koja se nalazi u istra\u017enom zatvoru ili na izdr\u017eavanju kazne zatvora<\/li>\n<li>koja ostvaruje uslugu osobne asistencije koju pru\u017ea osobni asistent<\/li>\n<\/ul>\n<p>Broj sati usluge koju korisnik mo\u017ee ostvariti kao i sudjelovanje korisnika u pla\u0107anju usluge utvr\u0111eno je Zakonom o osobnoj asistenciji (NN 71\/2023).<\/p><\/div>\n\t\t\t\t<\/div>\n\t\t\t\t\t\t\t<div class=\"elementor-toggle-item\">\n\t\t\t\t\t<div id=\"elementor-tab-title-1916\" class=\"elementor-tab-title\" data-tab=\"6\" role=\"button\" aria-controls=\"elementor-tab-content-1916\" aria-expanded=\"false\">\n\t\t\t\t\t\t\t\t\t\t\t\t<span class=\"elementor-toggle-icon elementor-toggle-icon-left\" aria-hidden=\"true\">\n\t\t\t\t\t\t\t\t\t\t\t\t\t\t\t<span class=\"elementor-toggle-icon-closed\"><svg class=\"e-font-icon-svg e-fas-caret-right\" viewbox=\"0 0 192 512\" xmlns=\"http:\/\/www.w3.org\/2000\/svg\"><path d=\"M0 384.662V127.338c0-17.818 21.543-26.741 34.142-14.142l128.662 128.662c7.81 7.81 7.81 20.474 0 28.284L34.142 398.804C21.543 411.404 0 402.48 0 384.662z\"><\/path><\/svg><\/span>\n\t\t\t\t\t\t\t\t<span class=\"elementor-toggle-icon-opened\"><svg class=\"elementor-toggle-icon-opened e-font-icon-svg e-fas-caret-up\" viewbox=\"0 0 320 512\" xmlns=\"http:\/\/www.w3.org\/2000\/svg\"><path d=\"M288.662 352H31.338c-17.818 0-26.741-21.543-14.142-34.142l128.662-128.662c7.81-7.81 20.474-7.81 28.284 0l128.662 128.662c12.6 12.599 3.676 34.142-14.142 34.142z\"><\/path><\/svg><\/span>\n\t\t\t\t\t\t\t\t\t\t\t\t\t<\/span>\n\t\t\t\t\t\t\t\t\t\t\t\t<a class=\"elementor-toggle-title\" tabindex=\"0\">Pomo\u0107 u ku\u0107i<\/a>\n\t\t\t\t\t<\/div>\n\n\t\t\t\t\t<div id=\"elementor-tab-content-1916\" class=\"elementor-tab-content elementor-clearfix\" data-tab=\"6\" role=\"region\" aria-labelledby=\"elementor-tab-title-1916\"><p>Pomo\u0107 u ku\u0107i je socijalna usluga koja se odobrava osobi koja ne mo\u017ee sama niti uz pomo\u0107 roditelja, bra\u010dnog ili izvanbra\u010dnog druga, \u017eivotnog partnera ili djeteta osigurati podmirenje svakodnevnih \u017eivotnih potreba.<\/p>\n<p>Odobrava se starijoj osobi kojoj je prema procjeni Zavoda potrebna pomo\u0107 druge osobe ili osobi kojoj je zbog privremenog ili trajnog tjelesnog, mentalnog, intelektualnog ili osjetilnog o\u0161te\u0107enja prijeko potrebna pomo\u0107 druge osobe.<\/p>\n<p>Usluga se odobrava ako:<\/p>\n<ul>\n<li>osoba nema mogu\u0107nost da joj pomo\u0107 osiguraju roditelj, bra\u010dni ili izvanbra\u010dni drug, \u017eivotni partner ili dijete<\/li>\n<li>osoba nema u vlasni\u0161tvu imovinu kojom mo\u017ee osigurati sredstva za zadovoljavanje svakodnevnih \u017eivotnih potreba, osim stana ili ku\u0107e koju koristi za stanovanje<\/li>\n<li>osoba nema sklopljen ugovor o do\u017eivotnom ili dosmrtnom uzdr\u017eavanju, osim u slu\u010daju pokretanja postupka za raskid, utvr\u0111enje ni\u0161tetnosti ili poni\u0161taj ugovora<\/li>\n<li>prosje\u010dan mjese\u010dni prihod samca ili prihod \u010dlanova ku\u0107anstva u prethodna tri mjeseca prije pokretanja postupka ne prelazi iznos od 199,08 eura.<\/li>\n<\/ul>\n<p>Ako prihod samca ili prihod po \u010dlanu ku\u0107anstva prelazi iznos od 199,08 eura, a nije ve\u0107i od 265,45 eura, korisniku koji ispunjava gore navedene uvjete odobrava se 50% cijene tro\u0161kova usluge pomo\u0107i u ku\u0107i.<\/p>\n<p>Usluga pomo\u0107i u ku\u0107i obuhva\u0107a:<\/p>\n<ul>\n<li>organiziranje prehrane (priprema ili nabava i dostava gotovih obroka)<\/li>\n<li>obavljanje ku\u0107nih poslova<\/li>\n<li>odr\u017eavanje osobne higijene i\/ili<\/li>\n<li>zadovoljavanje drugih svakodnevnih potreba.<\/li>\n<\/ul><\/div>\n\t\t\t\t<\/div>\n\t\t\t\t\t\t\t<div class=\"elementor-toggle-item\">\n\t\t\t\t\t<div id=\"elementor-tab-title-1917\" class=\"elementor-tab-title\" data-tab=\"7\" role=\"button\" aria-controls=\"elementor-tab-content-1917\" aria-expanded=\"false\">\n\t\t\t\t\t\t\t\t\t\t\t\t<span class=\"elementor-toggle-icon elementor-toggle-icon-left\" aria-hidden=\"true\">\n\t\t\t\t\t\t\t\t\t\t\t\t\t\t\t<span class=\"elementor-toggle-icon-closed\"><svg class=\"e-font-icon-svg e-fas-caret-right\" viewbox=\"0 0 192 512\" xmlns=\"http:\/\/www.w3.org\/2000\/svg\"><path d=\"M0 384.662V127.338c0-17.818 21.543-26.741 34.142-14.142l128.662 128.662c7.81 7.81 7.81 20.474 0 28.284L34.142 398.804C21.543 411.404 0 402.48 0 384.662z\"><\/path><\/svg><\/span>\n\t\t\t\t\t\t\t\t<span class=\"elementor-toggle-icon-opened\"><svg class=\"elementor-toggle-icon-opened e-font-icon-svg e-fas-caret-up\" viewbox=\"0 0 320 512\" xmlns=\"http:\/\/www.w3.org\/2000\/svg\"><path d=\"M288.662 352H31.338c-17.818 0-26.741-21.543-14.142-34.142l128.662-128.662c7.81-7.81 20.474-7.81 28.284 0l128.662 128.662c12.6 12.599 3.676 34.142-14.142 34.142z\"><\/path><\/svg><\/span>\n\t\t\t\t\t\t\t\t\t\t\t\t\t<\/span>\n\t\t\t\t\t\t\t\t\t\t\t\t<a class=\"elementor-toggle-title\" tabindex=\"0\">Boravak<\/a>\n\t\t\t\t\t<\/div>\n\n\t\t\t\t\t<div id=\"elementor-tab-content-1917\" class=\"elementor-tab-content elementor-clearfix\" data-tab=\"7\" role=\"region\" aria-labelledby=\"elementor-tab-title-1917\"><p>Boravak je socijalna usluga koja obuhva\u0107a cjelodnevni i poludnevni boravak:<\/p>\n<ul>\n<li>cjelodnevni boravak mo\u017ee trajati od 6 do 10 sati dnevno<\/li>\n<li>poludnevni boravak mo\u017ee trajati od 4 do 6 sati dnevno<\/li>\n<\/ul>\n<p><br \/>Uslugom se osiguravaju organizirane aktivnosti tijekom dana uz stru\u010dnu i drugu pomo\u0107 i podr\u0161ku, a radi zadovoljavanja osnovnih i dodatnih \u017eivotnih potreba korisnika koje ne mogu biti zadovoljene u obitelji.<\/p>\n<p><br \/>Boravak se mo\u017ee odobriti jedan dan u tjednu, vi\u0161e dana u tjednu ili tijekom svih radnih dana u tjednu.<\/p><\/div>\n\t\t\t\t<\/div>\n\t\t\t\t\t\t\t<div class=\"elementor-toggle-item\">\n\t\t\t\t\t<div id=\"elementor-tab-title-1918\" class=\"elementor-tab-title\" data-tab=\"8\" role=\"button\" aria-controls=\"elementor-tab-content-1918\" aria-expanded=\"false\">\n\t\t\t\t\t\t\t\t\t\t\t\t<span class=\"elementor-toggle-icon elementor-toggle-icon-left\" aria-hidden=\"true\">\n\t\t\t\t\t\t\t\t\t\t\t\t\t\t\t<span class=\"elementor-toggle-icon-closed\"><svg class=\"e-font-icon-svg e-fas-caret-right\" viewbox=\"0 0 192 512\" xmlns=\"http:\/\/www.w3.org\/2000\/svg\"><path d=\"M0 384.662V127.338c0-17.818 21.543-26.741 34.142-14.142l128.662 128.662c7.81 7.81 7.81 20.474 0 28.284L34.142 398.804C21.543 411.404 0 402.48 0 384.662z\"><\/path><\/svg><\/span>\n\t\t\t\t\t\t\t\t<span class=\"elementor-toggle-icon-opened\"><svg class=\"elementor-toggle-icon-opened e-font-icon-svg e-fas-caret-up\" viewbox=\"0 0 320 512\" xmlns=\"http:\/\/www.w3.org\/2000\/svg\"><path d=\"M288.662 352H31.338c-17.818 0-26.741-21.543-14.142-34.142l128.662-128.662c7.81-7.81 20.474-7.81 28.284 0l128.662 128.662c12.6 12.599 3.676 34.142-14.142 34.142z\"><\/path><\/svg><\/span>\n\t\t\t\t\t\t\t\t\t\t\t\t\t<\/span>\n\t\t\t\t\t\t\t\t\t\t\t\t<a class=\"elementor-toggle-title\" tabindex=\"0\">Smje\u0161taj<\/a>\n\t\t\t\t\t<\/div>\n\n\t\t\t\t\t<div id=\"elementor-tab-content-1918\" class=\"elementor-tab-content elementor-clearfix\" data-tab=\"8\" role=\"region\" aria-labelledby=\"elementor-tab-title-1918\"><p>Smje\u0161taj je socijalna usluga kojom se korisniku osigurava intenzivna skrb i zadovoljavanje osnovnih \u017eivotnih potreba kada to nije mogu\u0107e osigurati u obitelji ili pru\u017eanjem drugih socijalnih usluga.<\/p>\n<p><br \/>Smje\u0161tajem se osigurava stanovanje i aktivnosti uz stalnu stru\u010dnu i drugu pomo\u0107 i potporu u osiguravanju osnovnih i dodatnih \u017eivotnih potreba, a koje ne mogu biti zadovoljene u obitelji.<\/p>\n<p>Pravo na uslugu smje\u0161taja ne priznaje se osobi:<\/p>\n<ul>\n<li>koja je sklopila ugovor o do\u017eivotnom ili dosmrtnom uzdr\u017eavanju, osim u slu\u010daju pokretanja postupka za raskid, utvr\u0111enje ni\u0161tetnosti ili poni\u0161taj ugovora<\/li>\n<li>kojoj pomo\u0107 i njegu pru\u017eaju \u010dlanovi obitelji<\/li>\n<li>kojoj je odobrena socijalna usluga pomo\u0107 u ku\u0107i<\/li>\n<li>kojoj se pomo\u0107 i njega osiguravaju u okviru zdravstvene za\u0161tite na primarnoj razini ili putem razli\u010ditih programskih aktivnosti u dovoljnoj mjeri, opsegu ili intenzitetu<\/li>\n<\/ul>\n<p>Starije osobe uslugu smje\u0161taja mogu dobiti u domu za starije, udomiteljskoj obitelji, vjerskoj zajednici koja pru\u017ea uslugu smje\u0161taja ili kod pravnih i fizi\u010dkih osoba koje obavljaju profesionalnu djelatnost<br \/>smje\u0161taja poput privatnih domova za starije.<\/p><\/div>\n\t\t\t\t<\/div>\n\t\t\t\t\t\t\t<div class=\"elementor-toggle-item\">\n\t\t\t\t\t<div id=\"elementor-tab-title-1919\" class=\"elementor-tab-title\" data-tab=\"9\" role=\"button\" aria-controls=\"elementor-tab-content-1919\" aria-expanded=\"false\">\n\t\t\t\t\t\t\t\t\t\t\t\t<span class=\"elementor-toggle-icon elementor-toggle-icon-left\" aria-hidden=\"true\">\n\t\t\t\t\t\t\t\t\t\t\t\t\t\t\t<span class=\"elementor-toggle-icon-closed\"><svg class=\"e-font-icon-svg e-fas-caret-right\" viewbox=\"0 0 192 512\" xmlns=\"http:\/\/www.w3.org\/2000\/svg\"><path d=\"M0 384.662V127.338c0-17.818 21.543-26.741 34.142-14.142l128.662 128.662c7.81 7.81 7.81 20.474 0 28.284L34.142 398.804C21.543 411.404 0 402.48 0 384.662z\"><\/path><\/svg><\/span>\n\t\t\t\t\t\t\t\t<span class=\"elementor-toggle-icon-opened\"><svg class=\"elementor-toggle-icon-opened e-font-icon-svg e-fas-caret-up\" viewbox=\"0 0 320 512\" xmlns=\"http:\/\/www.w3.org\/2000\/svg\"><path d=\"M288.662 352H31.338c-17.818 0-26.741-21.543-14.142-34.142l128.662-128.662c7.81-7.81 20.474-7.81 28.284 0l128.662 128.662c12.6 12.599 3.676 34.142-14.142 34.142z\"><\/path><\/svg><\/span>\n\t\t\t\t\t\t\t\t\t\t\t\t\t<\/span>\n\t\t\t\t\t\t\t\t\t\t\t\t<a class=\"elementor-toggle-title\" tabindex=\"0\">Organizirano stanovanje<\/a>\n\t\t\t\t\t<\/div>\n\n\t\t\t\t\t<div id=\"elementor-tab-content-1919\" class=\"elementor-tab-content elementor-clearfix\" data-tab=\"9\" role=\"region\" aria-labelledby=\"elementor-tab-title-1919\"><p>Organizirano stanovanje je socijalna usluga kojom se osigurava stanovanje u stambenoj jedinici uz stalnu ili povremenu stru\u010dnu i drugu pomo\u0107 i potporu. Pomo\u0107 i potpora se pru\u017eaju u osiguravanju osnovnih \u017eivotnih potreba te socijalnih, radnih, kulturnih, obrazovnih, rekreacijskih i drugih potreba, a radi uspostavljanja i odr\u017eavanja njihovih socijalnih uloga, izjedna\u010davanja njihovih mogu\u0107nosti, pobolj\u0161anja kvalitete \u017eivota, poticanja aktivnog i samostalnog \u017eivljenja te socijalnog uklju\u010divanja, ovisno o potrebama korisnika.<\/p>\n<p><br \/>Usluga se osobama starije \u017eivotne dobi mo\u017ee odobriti ukoliko samostalno zadovoljavaju svoje potrebe odnosno kojima je djelomi\u010dno potrebna pomo\u0107 pri zadovoljavanju osnovnih potreba, osobama ovisnoj o alkoholu, drogama, kockanju ili drugim oblicima ovisnosti, \u017ertvi obiteljskog nasilja, \u017ertvi trgovanja ljudima ili besku\u0107niku.<\/p>\n<p>Usluga se mo\u017ee organizirati u stambenim jedinicama koje uklju\u010duju obiteljsku ku\u0107u ili stan gdje se mo\u017ee primiti maksimalno osam starijih osoba.<\/p><\/div>\n\t\t\t\t<\/div>\n\t\t\t\t\t\t\t\t<\/div>\n\t\t\t\t\t\t<\/div>\n\t\t\t\t<\/div>\n\t\t\t\t<div class=\"elementor-element elementor-element-15043ac elementor-widget elementor-widget-image\" data-id=\"15043ac\" data-element_type=\"widget\" data-widget_type=\"image.default\">\n\t\t\t\t<div class=\"elementor-widget-container\">\n\t\t\t\t\t\t\t\t\t\t\t\t\t\t\t<img fetchpriority=\"high\" decoding=\"async\" width=\"768\" height=\"576\" src=\"https:\/\/uz-izvor.hr\/wp-content\/uploads\/2023\/07\/Prava-soc.skrb-2.2-Featured-768x576.jpg\" class=\"attachment-medium_large size-medium_large wp-image-3037\" alt=\"Prava iz sustava socijalne skrbi za starije osobe istaknuta slika\" srcset=\"https:\/\/uz-izvor.hr\/wp-content\/uploads\/2023\/07\/Prava-soc.skrb-2.2-Featured-768x576.jpg 768w, https:\/\/uz-izvor.hr\/wp-content\/uploads\/2023\/07\/Prava-soc.skrb-2.2-Featured-300x225.jpg 300w, https:\/\/uz-izvor.hr\/wp-content\/uploads\/2023\/07\/Prava-soc.skrb-2.2-Featured-650x488.jpg 650w, https:\/\/uz-izvor.hr\/wp-content\/uploads\/2023\/07\/Prava-soc.skrb-2.2-Featured.jpg 800w\" sizes=\"(max-width: 768px) 100vw, 768px\" \/>\t\t\t\t\t\t\t\t\t\t\t\t\t\t\t<\/div>\n\t\t\t\t<\/div>\n\t\t\t\t\t<\/div>\n\t\t\t\t<\/div>\n\t\t<div class=\"elementor-element elementor-element-504ff9a e-flex e-con-boxed e-con e-parent\" data-id=\"504ff9a\" data-element_type=\"container\">\n\t\t\t\t\t<div class=\"e-con-inner\">\n\t\t\t\t<div class=\"elementor-element elementor-element-7d14f2d elementor-widget elementor-widget-text-editor\" data-id=\"7d14f2d\" data-element_type=\"widget\" data-widget_type=\"text-editor.default\">\n\t\t\t\t<div class=\"elementor-widget-container\">\n\t\t\t\t\t\t\t\t\t<p style=\"font-size: 16px;\"><em><span style=\"font-weight: bolder;\">Za ostvarivanje prava iz sustava socijalne skrbi mo\u017eete se obratiti Hrvatskom zavodu za socijalni rad Beli Manastir Ul. kralja Tomislava 37, 31300, Beli Manastir 031 705 155.<\/span><\/em><\/p>\n<p style=\"font-size: 16px;\">Za izradu ovog teksta kori\u0161ten je Zakon o obveznim odnosima (NN 35\/05, 41\/08, 125\/11, 78\/15, 29\/18, 126\/21, 114\/22, 156\/22) i Zakon o socijalnoj skrbi (NN 18\/22, 46\/22, 119\/22).<\/p>\n<p style=\"margin-bottom: 1em; font-size: 16px;\"><em>Ovaj tekst objavljen je u sklopu projekta\u00a0<a href=\"https:\/\/uz-izvor.hr\/en\/projekti\/\">Starimo zajedno<\/a>\u00a0koji financira\u00a0<a href=\"https:\/\/mrosp.gov.hr\/\">Ministarstvo rada, mirovinskoga sustava, obitelji i socijalne politike\u00a0<\/a>.<\/em><\/p>\t\t\t\t\t\t\t\t<\/div>\n\t\t\t\t<\/div>\n\t\t\t\t\t<\/div>\n\t\t\t\t<\/div>\n\t\t\t\t<\/div>","protected":false},"excerpt":{"rendered":"<p>TEKST JE A\u017dURIRAN 10. 5. 2024. GODINE U SKLADU S IZMJENAMA ZAKONA Osim nov\u010danih vrsta [&hellip;]<\/p>\n","protected":false},"author":2,"featured_media":3037,"comment_status":"closed","ping_status":"closed","sticky":false,"template":"","format":"standard","meta":{"footnotes":""},"categories":[33,7],"tags":[],"class_list":["post-1140","post","type-post","status-publish","format-standard","has-post-thumbnail","hentry","category-starimo-zajedno","category-vijesti"],"yoast_head":"<!-- This site is optimized with the Yoast SEO plugin v27.3 - https:\/\/yoast.com\/product\/yoast-seo-wordpress\/ -->\n<title>Prava iz sustava socijalne skrbi za starije osobe 2\/2 - a\u017eurirano - Udruga \u017eena &quot;Izvor&quot;<\/title>\n<meta name=\"description\" content=\"O pravima iz sustava socijalne skrbi za starije osobe, kako ih ostvariti i kome se obratiti pro\u010ditajte u nastavku teksta.\" \/>\n<meta name=\"robots\" content=\"index, follow, max-snippet:-1, max-image-preview:large, max-video-preview:-1\" \/>\n<link rel=\"canonical\" href=\"https:\/\/uz-izvor.hr\/en\/prava_iz_sustava_socijalne-skrbi_2\/\" \/>\n<meta property=\"og:locale\" content=\"en_US\" \/>\n<meta property=\"og:type\" content=\"article\" \/>\n<meta property=\"og:title\" content=\"Prava iz sustava socijalne skrbi za starije osobe 2\/2\" \/>\n<meta property=\"og:description\" content=\"O pravima iz sustava socijalne skrbi za starije osobe, kako ih ostvariti i kome se obratiti pro\u010ditajte u nastavku teksta.\" \/>\n<meta property=\"og:url\" content=\"https:\/\/uz-izvor.hr\/en\/prava_iz_sustava_socijalne-skrbi_2\/\" \/>\n<meta property=\"og:site_name\" content=\"Udruga \u017eena &quot;Izvor&quot;\" \/>\n<meta property=\"article:publisher\" content=\"https:\/\/www.facebook.com\/profile.php?id=100090681250286\" \/>\n<meta property=\"article:published_time\" content=\"2023-07-05T21:21:00+00:00\" \/>\n<meta property=\"article:modified_time\" content=\"2024-07-22T07:06:35+00:00\" \/>\n<meta name=\"author\" content=\"Udruga \u017eena Izvor\" \/>\n<meta name=\"twitter:card\" content=\"summary_large_image\" \/>\n<meta name=\"twitter:image\" content=\"https:\/\/uz-izvor.hr\/wp-content\/uploads\/2023\/07\/Prava-soc.skrb-2.2-Featured.jpg\" \/>\n<meta name=\"twitter:label1\" content=\"Written by\" \/>\n\t<meta name=\"twitter:data1\" content=\"Udruga \u017eena Izvor\" \/>\n\t<meta name=\"twitter:label2\" content=\"Est. reading time\" \/>\n\t<meta name=\"twitter:data2\" content=\"4 minutes\" \/>\n<script type=\"application\/ld+json\" class=\"yoast-schema-graph\">{\"@context\":\"https:\\\/\\\/schema.org\",\"@graph\":[{\"@type\":\"Article\",\"@id\":\"https:\\\/\\\/uz-izvor.hr\\\/prava_iz_sustava_socijalne-skrbi_2\\\/#article\",\"isPartOf\":{\"@id\":\"https:\\\/\\\/uz-izvor.hr\\\/prava_iz_sustava_socijalne-skrbi_2\\\/\"},\"author\":{\"name\":\"Udruga \u017eena Izvor\",\"@id\":\"https:\\\/\\\/uz-izvor.hr\\\/#\\\/schema\\\/person\\\/ba3079113f8461ad4f1be4299dcb27ba\"},\"headline\":\"Prava iz sustava socijalne skrbi za starije osobe 2\\\/2 &#8211; a\u017eurirano\",\"datePublished\":\"2023-07-05T21:21:00+00:00\",\"dateModified\":\"2024-07-22T07:06:35+00:00\",\"mainEntityOfPage\":{\"@id\":\"https:\\\/\\\/uz-izvor.hr\\\/prava_iz_sustava_socijalne-skrbi_2\\\/\"},\"wordCount\":1444,\"publisher\":{\"@id\":\"https:\\\/\\\/uz-izvor.hr\\\/#organization\"},\"image\":{\"@id\":\"https:\\\/\\\/uz-izvor.hr\\\/prava_iz_sustava_socijalne-skrbi_2\\\/#primaryimage\"},\"thumbnailUrl\":\"https:\\\/\\\/uz-izvor.hr\\\/wp-content\\\/uploads\\\/2023\\\/07\\\/Prava-soc.skrb-2.2-Featured.jpg\",\"articleSection\":[\"Starimo zajedno\",\"Vijesti\"],\"inLanguage\":\"en-US\"},{\"@type\":\"WebPage\",\"@id\":\"https:\\\/\\\/uz-izvor.hr\\\/prava_iz_sustava_socijalne-skrbi_2\\\/\",\"url\":\"https:\\\/\\\/uz-izvor.hr\\\/prava_iz_sustava_socijalne-skrbi_2\\\/\",\"name\":\"Prava iz sustava socijalne skrbi za starije osobe 2\\\/2 - a\u017eurirano - Udruga \u017eena &quot;Izvor&quot;\",\"isPartOf\":{\"@id\":\"https:\\\/\\\/uz-izvor.hr\\\/#website\"},\"primaryImageOfPage\":{\"@id\":\"https:\\\/\\\/uz-izvor.hr\\\/prava_iz_sustava_socijalne-skrbi_2\\\/#primaryimage\"},\"image\":{\"@id\":\"https:\\\/\\\/uz-izvor.hr\\\/prava_iz_sustava_socijalne-skrbi_2\\\/#primaryimage\"},\"thumbnailUrl\":\"https:\\\/\\\/uz-izvor.hr\\\/wp-content\\\/uploads\\\/2023\\\/07\\\/Prava-soc.skrb-2.2-Featured.jpg\",\"datePublished\":\"2023-07-05T21:21:00+00:00\",\"dateModified\":\"2024-07-22T07:06:35+00:00\",\"description\":\"O pravima iz sustava socijalne skrbi za starije osobe, kako ih ostvariti i kome se obratiti pro\u010ditajte u nastavku teksta.\",\"breadcrumb\":{\"@id\":\"https:\\\/\\\/uz-izvor.hr\\\/prava_iz_sustava_socijalne-skrbi_2\\\/#breadcrumb\"},\"inLanguage\":\"en-US\",\"potentialAction\":[{\"@type\":\"ReadAction\",\"target\":[\"https:\\\/\\\/uz-izvor.hr\\\/prava_iz_sustava_socijalne-skrbi_2\\\/\"]}]},{\"@type\":\"ImageObject\",\"inLanguage\":\"en-US\",\"@id\":\"https:\\\/\\\/uz-izvor.hr\\\/prava_iz_sustava_socijalne-skrbi_2\\\/#primaryimage\",\"url\":\"https:\\\/\\\/uz-izvor.hr\\\/wp-content\\\/uploads\\\/2023\\\/07\\\/Prava-soc.skrb-2.2-Featured.jpg\",\"contentUrl\":\"https:\\\/\\\/uz-izvor.hr\\\/wp-content\\\/uploads\\\/2023\\\/07\\\/Prava-soc.skrb-2.2-Featured.jpg\",\"width\":800,\"height\":600,\"caption\":\"Prava iz sustava socijalne skrbi za starije osobe istaknuta slika\"},{\"@type\":\"BreadcrumbList\",\"@id\":\"https:\\\/\\\/uz-izvor.hr\\\/prava_iz_sustava_socijalne-skrbi_2\\\/#breadcrumb\",\"itemListElement\":[{\"@type\":\"ListItem\",\"position\":1,\"name\":\"Po\u010detna stranica\",\"item\":\"https:\\\/\\\/uz-izvor.hr\\\/\"},{\"@type\":\"ListItem\",\"position\":2,\"name\":\"Prava iz sustava socijalne skrbi za starije osobe 2\\\/2 &#8211; a\u017eurirano\"}]},{\"@type\":\"WebSite\",\"@id\":\"https:\\\/\\\/uz-izvor.hr\\\/#website\",\"url\":\"https:\\\/\\\/uz-izvor.hr\\\/\",\"name\":\"Udruga \u017eena \\\"Izvor\\\"\",\"description\":\"Web stranica udruge \u017eena &quot;Izvor&quot;\",\"publisher\":{\"@id\":\"https:\\\/\\\/uz-izvor.hr\\\/#organization\"},\"potentialAction\":[{\"@type\":\"SearchAction\",\"target\":{\"@type\":\"EntryPoint\",\"urlTemplate\":\"https:\\\/\\\/uz-izvor.hr\\\/?s={search_term_string}\"},\"query-input\":{\"@type\":\"PropertyValueSpecification\",\"valueRequired\":true,\"valueName\":\"search_term_string\"}}],\"inLanguage\":\"en-US\"},{\"@type\":\"Organization\",\"@id\":\"https:\\\/\\\/uz-izvor.hr\\\/#organization\",\"name\":\"Udruga \u017eena \\\"Izvor\\\"\",\"url\":\"https:\\\/\\\/uz-izvor.hr\\\/\",\"logo\":{\"@type\":\"ImageObject\",\"inLanguage\":\"en-US\",\"@id\":\"https:\\\/\\\/uz-izvor.hr\\\/#\\\/schema\\\/logo\\\/image\\\/\",\"url\":\"https:\\\/\\\/uz-izvor.hr\\\/wp-content\\\/uploads\\\/2024\\\/03\\\/Izvor-logo-header-2.png\",\"contentUrl\":\"https:\\\/\\\/uz-izvor.hr\\\/wp-content\\\/uploads\\\/2024\\\/03\\\/Izvor-logo-header-2.png\",\"width\":356,\"height\":78,\"caption\":\"Udruga \u017eena \\\"Izvor\\\"\"},\"image\":{\"@id\":\"https:\\\/\\\/uz-izvor.hr\\\/#\\\/schema\\\/logo\\\/image\\\/\"},\"sameAs\":[\"https:\\\/\\\/www.facebook.com\\\/profile.php?id=100090681250286\"]},{\"@type\":\"Person\",\"@id\":\"https:\\\/\\\/uz-izvor.hr\\\/#\\\/schema\\\/person\\\/ba3079113f8461ad4f1be4299dcb27ba\",\"name\":\"Udruga \u017eena Izvor\",\"image\":{\"@type\":\"ImageObject\",\"inLanguage\":\"en-US\",\"@id\":\"https:\\\/\\\/secure.gravatar.com\\\/avatar\\\/3eb043bed2aed6aa8304ef00eeab275b74962114ec00776c9bc002105df5d9b0?s=96&d=mm&r=g\",\"url\":\"https:\\\/\\\/secure.gravatar.com\\\/avatar\\\/3eb043bed2aed6aa8304ef00eeab275b74962114ec00776c9bc002105df5d9b0?s=96&d=mm&r=g\",\"contentUrl\":\"https:\\\/\\\/secure.gravatar.com\\\/avatar\\\/3eb043bed2aed6aa8304ef00eeab275b74962114ec00776c9bc002105df5d9b0?s=96&d=mm&r=g\",\"caption\":\"Udruga \u017eena Izvor\"},\"url\":\"https:\\\/\\\/uz-izvor.hr\\\/en\\\/author\\\/udruga-zena-izvor\\\/\"}]}<\/script>\n<!-- \/ Yoast SEO plugin. -->","yoast_head_json":{"title":"Prava iz sustava socijalne skrbi za starije osobe 2\/2 - a\u017eurirano - Udruga \u017eena &quot;Izvor&quot;","description":"O pravima iz sustava socijalne skrbi za starije osobe, kako ih ostvariti i kome se obratiti pro\u010ditajte u nastavku teksta.","robots":{"index":"index","follow":"follow","max-snippet":"max-snippet:-1","max-image-preview":"max-image-preview:large","max-video-preview":"max-video-preview:-1"},"canonical":"https:\/\/uz-izvor.hr\/en\/prava_iz_sustava_socijalne-skrbi_2\/","og_locale":"en_US","og_type":"article","og_title":"Prava iz sustava socijalne skrbi za starije osobe 2\/2","og_description":"O pravima iz sustava socijalne skrbi za starije osobe, kako ih ostvariti i kome se obratiti pro\u010ditajte u nastavku teksta.","og_url":"https:\/\/uz-izvor.hr\/en\/prava_iz_sustava_socijalne-skrbi_2\/","og_site_name":"Udruga \u017eena &quot;Izvor&quot;","article_publisher":"https:\/\/www.facebook.com\/profile.php?id=100090681250286","article_published_time":"2023-07-05T21:21:00+00:00","article_modified_time":"2024-07-22T07:06:35+00:00","author":"Udruga \u017eena Izvor","twitter_card":"summary_large_image","twitter_image":"https:\/\/uz-izvor.hr\/wp-content\/uploads\/2023\/07\/Prava-soc.skrb-2.2-Featured.jpg","twitter_misc":{"Written by":"Udruga \u017eena Izvor","Est. reading time":"4 minutes"},"schema":{"@context":"https:\/\/schema.org","@graph":[{"@type":"Article","@id":"https:\/\/uz-izvor.hr\/prava_iz_sustava_socijalne-skrbi_2\/#article","isPartOf":{"@id":"https:\/\/uz-izvor.hr\/prava_iz_sustava_socijalne-skrbi_2\/"},"author":{"name":"Udruga \u017eena Izvor","@id":"https:\/\/uz-izvor.hr\/#\/schema\/person\/ba3079113f8461ad4f1be4299dcb27ba"},"headline":"Prava iz sustava socijalne skrbi za starije osobe 2\/2 &#8211; a\u017eurirano","datePublished":"2023-07-05T21:21:00+00:00","dateModified":"2024-07-22T07:06:35+00:00","mainEntityOfPage":{"@id":"https:\/\/uz-izvor.hr\/prava_iz_sustava_socijalne-skrbi_2\/"},"wordCount":1444,"publisher":{"@id":"https:\/\/uz-izvor.hr\/#organization"},"image":{"@id":"https:\/\/uz-izvor.hr\/prava_iz_sustava_socijalne-skrbi_2\/#primaryimage"},"thumbnailUrl":"https:\/\/uz-izvor.hr\/wp-content\/uploads\/2023\/07\/Prava-soc.skrb-2.2-Featured.jpg","articleSection":["Starimo zajedno","Vijesti"],"inLanguage":"en-US"},{"@type":"WebPage","@id":"https:\/\/uz-izvor.hr\/prava_iz_sustava_socijalne-skrbi_2\/","url":"https:\/\/uz-izvor.hr\/prava_iz_sustava_socijalne-skrbi_2\/","name":"Prava iz sustava socijalne skrbi za starije osobe 2\/2 - a\u017eurirano - Udruga \u017eena &quot;Izvor&quot;","isPartOf":{"@id":"https:\/\/uz-izvor.hr\/#website"},"primaryImageOfPage":{"@id":"https:\/\/uz-izvor.hr\/prava_iz_sustava_socijalne-skrbi_2\/#primaryimage"},"image":{"@id":"https:\/\/uz-izvor.hr\/prava_iz_sustava_socijalne-skrbi_2\/#primaryimage"},"thumbnailUrl":"https:\/\/uz-izvor.hr\/wp-content\/uploads\/2023\/07\/Prava-soc.skrb-2.2-Featured.jpg","datePublished":"2023-07-05T21:21:00+00:00","dateModified":"2024-07-22T07:06:35+00:00","description":"O pravima iz sustava socijalne skrbi za starije osobe, kako ih ostvariti i kome se obratiti pro\u010ditajte u nastavku teksta.","breadcrumb":{"@id":"https:\/\/uz-izvor.hr\/prava_iz_sustava_socijalne-skrbi_2\/#breadcrumb"},"inLanguage":"en-US","potentialAction":[{"@type":"ReadAction","target":["https:\/\/uz-izvor.hr\/prava_iz_sustava_socijalne-skrbi_2\/"]}]},{"@type":"ImageObject","inLanguage":"en-US","@id":"https:\/\/uz-izvor.hr\/prava_iz_sustava_socijalne-skrbi_2\/#primaryimage","url":"https:\/\/uz-izvor.hr\/wp-content\/uploads\/2023\/07\/Prava-soc.skrb-2.2-Featured.jpg","contentUrl":"https:\/\/uz-izvor.hr\/wp-content\/uploads\/2023\/07\/Prava-soc.skrb-2.2-Featured.jpg","width":800,"height":600,"caption":"Prava iz sustava socijalne skrbi za starije osobe istaknuta slika"},{"@type":"BreadcrumbList","@id":"https:\/\/uz-izvor.hr\/prava_iz_sustava_socijalne-skrbi_2\/#breadcrumb","itemListElement":[{"@type":"ListItem","position":1,"name":"Po\u010detna stranica","item":"https:\/\/uz-izvor.hr\/"},{"@type":"ListItem","position":2,"name":"Prava iz sustava socijalne skrbi za starije osobe 2\/2 &#8211; a\u017eurirano"}]},{"@type":"WebSite","@id":"https:\/\/uz-izvor.hr\/#website","url":"https:\/\/uz-izvor.hr\/","name":"Udruga \u017eena \"Izvor\"","description":"Web stranica udruge \u017eena &quot;Izvor&quot;","publisher":{"@id":"https:\/\/uz-izvor.hr\/#organization"},"potentialAction":[{"@type":"SearchAction","target":{"@type":"EntryPoint","urlTemplate":"https:\/\/uz-izvor.hr\/?s={search_term_string}"},"query-input":{"@type":"PropertyValueSpecification","valueRequired":true,"valueName":"search_term_string"}}],"inLanguage":"en-US"},{"@type":"Organization","@id":"https:\/\/uz-izvor.hr\/#organization","name":"Udruga \u017eena \"Izvor\"","url":"https:\/\/uz-izvor.hr\/","logo":{"@type":"ImageObject","inLanguage":"en-US","@id":"https:\/\/uz-izvor.hr\/#\/schema\/logo\/image\/","url":"https:\/\/uz-izvor.hr\/wp-content\/uploads\/2024\/03\/Izvor-logo-header-2.png","contentUrl":"https:\/\/uz-izvor.hr\/wp-content\/uploads\/2024\/03\/Izvor-logo-header-2.png","width":356,"height":78,"caption":"Udruga \u017eena \"Izvor\""},"image":{"@id":"https:\/\/uz-izvor.hr\/#\/schema\/logo\/image\/"},"sameAs":["https:\/\/www.facebook.com\/profile.php?id=100090681250286"]},{"@type":"Person","@id":"https:\/\/uz-izvor.hr\/#\/schema\/person\/ba3079113f8461ad4f1be4299dcb27ba","name":"Udruga \u017eena Izvor","image":{"@type":"ImageObject","inLanguage":"en-US","@id":"https:\/\/secure.gravatar.com\/avatar\/3eb043bed2aed6aa8304ef00eeab275b74962114ec00776c9bc002105df5d9b0?s=96&d=mm&r=g","url":"https:\/\/secure.gravatar.com\/avatar\/3eb043bed2aed6aa8304ef00eeab275b74962114ec00776c9bc002105df5d9b0?s=96&d=mm&r=g","contentUrl":"https:\/\/secure.gravatar.com\/avatar\/3eb043bed2aed6aa8304ef00eeab275b74962114ec00776c9bc002105df5d9b0?s=96&d=mm&r=g","caption":"Udruga \u017eena Izvor"},"url":"https:\/\/uz-izvor.hr\/en\/author\/udruga-zena-izvor\/"}]}},"_links":{"self":[{"href":"https:\/\/uz-izvor.hr\/en\/wp-json\/wp\/v2\/posts\/1140","targetHints":{"allow":["GET"]}}],"collection":[{"href":"https:\/\/uz-izvor.hr\/en\/wp-json\/wp\/v2\/posts"}],"about":[{"href":"https:\/\/uz-izvor.hr\/en\/wp-json\/wp\/v2\/types\/post"}],"author":[{"embeddable":true,"href":"https:\/\/uz-izvor.hr\/en\/wp-json\/wp\/v2\/users\/2"}],"replies":[{"embeddable":true,"href":"https:\/\/uz-izvor.hr\/en\/wp-json\/wp\/v2\/comments?post=1140"}],"version-history":[{"count":39,"href":"https:\/\/uz-izvor.hr\/en\/wp-json\/wp\/v2\/posts\/1140\/revisions"}],"predecessor-version":[{"id":3811,"href":"https:\/\/uz-izvor.hr\/en\/wp-json\/wp\/v2\/posts\/1140\/revisions\/3811"}],"wp:featuredmedia":[{"embeddable":true,"href":"https:\/\/uz-izvor.hr\/en\/wp-json\/wp\/v2\/media\/3037"}],"wp:attachment":[{"href":"https:\/\/uz-izvor.hr\/en\/wp-json\/wp\/v2\/media?parent=1140"}],"wp:term":[{"taxonomy":"category","embeddable":true,"href":"https:\/\/uz-izvor.hr\/en\/wp-json\/wp\/v2\/categories?post=1140"},{"taxonomy":"post_tag","embeddable":true,"href":"https:\/\/uz-izvor.hr\/en\/wp-json\/wp\/v2\/tags?post=1140"}],"curies":[{"name":"wp","href":"https:\/\/api.w.org\/{rel}","templated":true}]}}