{"id":1135,"date":"2023-07-04T21:01:26","date_gmt":"2023-07-04T21:01:26","guid":{"rendered":"https:\/\/uz-izvor.hr\/?p=1135"},"modified":"2024-07-22T07:07:20","modified_gmt":"2024-07-22T07:07:20","slug":"prava_iz_sustava_socijalne_skrbi","status":"publish","type":"post","link":"https:\/\/uz-izvor.hr\/en\/prava_iz_sustava_socijalne_skrbi\/","title":{"rendered":"Prava iz sustava socijalne skrbi za starije osobe 1\/2 &#8211; a\u017eurirano"},"content":{"rendered":"<div data-elementor-type=\"wp-post\" data-elementor-id=\"1135\" class=\"elementor elementor-1135\">\n\t\t\t\t<div class=\"elementor-element elementor-element-6b878da9 e-flex e-con-boxed e-con e-parent\" data-id=\"6b878da9\" data-element_type=\"container\">\n\t\t\t\t\t<div class=\"e-con-inner\">\n\t\t\t\t<div class=\"elementor-element elementor-element-6348d2a6 elementor-widget elementor-widget-text-editor\" data-id=\"6348d2a6\" data-element_type=\"widget\" data-widget_type=\"text-editor.default\">\n\t\t\t\t<div class=\"elementor-widget-container\">\n\t\t\t\t\t\t\t\t\t<p><\/p>\n<p><em><span style=\"text-decoration: underline;\"><strong>TEKST JE A\u017dURIRAN 10. 5. 2024. GODINE U SKLADU S IZMJENAMA ZAKONA<\/strong><\/span><\/em><\/p>\n<p><\/p>\n<p>Za priznavanje prava temeljem Zakona o socijalnoj skrbi potrebno se obratiti Hrvatskom zavodu za socijalni rad na \u010dijem podru\u010dju nadle\u017enosti starija osoba ima prebivali\u0161te.<br \/><br \/><\/p>\n<p>Ukoliko osoba nema prebivali\u0161te u RH mjesno je nadle\u017ean Zavod prema mjestu boravi\u0161ta u RH, a ako osoba nema boravi\u0161te onda je mjesno nadle\u017ean Zavod prema mjestu posljednjeg prebivali\u0161ta, odnosno boravi\u0161ta u RH, ako nema ni\u0161ta od navedenog onda je mjesno nadle\u017ean Zavod prema mjestu na kojemu je nastao povod za vo\u0111enje postupka.<\/p>\n<p>Temeljem Zakona o socijalnoj skrbi starije osobe mogu ostvariti odre\u0111ena prava i usluge. O ostvarivanju tih prava odlu\u010duje Hrvatski zavod za socijalni rad prema mjestu prebivali\u0161ta, odnosno boravi\u0161ta.<\/p>\n<p>\u00a0<\/p>\n<p><\/p>\t\t\t\t\t\t\t\t<\/div>\n\t\t\t\t<\/div>\n\t\t\t\t\t<\/div>\n\t\t\t\t<\/div>\n\t\t<div class=\"elementor-element elementor-element-b3a6da1 e-flex e-con-boxed e-con e-parent\" data-id=\"b3a6da1\" data-element_type=\"container\">\n\t\t\t\t\t<div class=\"e-con-inner\">\n\t\t\t\t<div class=\"elementor-element elementor-element-1c8fe3f elementor-widget elementor-widget-toggle\" data-id=\"1c8fe3f\" data-element_type=\"widget\" data-widget_type=\"toggle.default\">\n\t\t\t\t<div class=\"elementor-widget-container\">\n\t\t\t\t\t\t\t<div class=\"elementor-toggle\">\n\t\t\t\t\t\t\t<div class=\"elementor-toggle-item\">\n\t\t\t\t\t<div id=\"elementor-tab-title-2991\" class=\"elementor-tab-title\" data-tab=\"1\" role=\"button\" aria-controls=\"elementor-tab-content-2991\" aria-expanded=\"false\">\n\t\t\t\t\t\t\t\t\t\t\t\t<span class=\"elementor-toggle-icon elementor-toggle-icon-left\" aria-hidden=\"true\">\n\t\t\t\t\t\t\t\t\t\t\t\t\t\t\t<span class=\"elementor-toggle-icon-closed\"><svg class=\"e-font-icon-svg e-fas-caret-right\" viewbox=\"0 0 192 512\" xmlns=\"http:\/\/www.w3.org\/2000\/svg\"><path d=\"M0 384.662V127.338c0-17.818 21.543-26.741 34.142-14.142l128.662 128.662c7.81 7.81 7.81 20.474 0 28.284L34.142 398.804C21.543 411.404 0 402.48 0 384.662z\"><\/path><\/svg><\/span>\n\t\t\t\t\t\t\t\t<span class=\"elementor-toggle-icon-opened\"><svg class=\"elementor-toggle-icon-opened e-font-icon-svg e-fas-caret-up\" viewbox=\"0 0 320 512\" xmlns=\"http:\/\/www.w3.org\/2000\/svg\"><path d=\"M288.662 352H31.338c-17.818 0-26.741-21.543-14.142-34.142l128.662-128.662c7.81-7.81 20.474-7.81 28.284 0l128.662 128.662c12.6 12.599 3.676 34.142-14.142 34.142z\"><\/path><\/svg><\/span>\n\t\t\t\t\t\t\t\t\t\t\t\t\t<\/span>\n\t\t\t\t\t\t\t\t\t\t\t\t<a class=\"elementor-toggle-title\" tabindex=\"0\">Pravo na zajam\u010denu minimalnu naknadu<\/a>\n\t\t\t\t\t<\/div>\n\n\t\t\t\t\t<div id=\"elementor-tab-content-2991\" class=\"elementor-tab-content elementor-clearfix\" data-tab=\"1\" role=\"region\" aria-labelledby=\"elementor-tab-title-2991\"><p>Pravo na zajam\u010denu minimalnu naknadu je nov\u010dana pomo\u0107 koja se kolokvijalno naziva \u201esocijalna pomo\u0107\u201c ili \u201esocijala\u201c. Priznaje se samcu ili ku\u0107anstvu koje nema dovoljno sredstava za podmirenje osnovnih \u017eivotnih potreba. Uvjeti za priznavanje prava utvr\u0111uju se na temelju ostvarenih prihoda samca ili ku\u0107anstva te na temelju imovine koje osoba ili ku\u0107anstvo posjeduje.<\/p>\n<p><br \/>Iznosi naknade se razlikuju, pa se tako starijoj osobi koja je samac zajam\u010dena minimalna naknada mo\u017ee priznati u iznosu od 195,00 EUR. Ukoliko starija osoba ne \u017eivi sama ve\u0107 je \u010dlan ku\u0107anstva, iznos zajam\u010dene minimalne naknade ovisi o statusu svakog pojedinog \u010dlana ku\u0107anstva. Primjerice, ukoliko u ku\u0107anstvu \u017eive dvije starije osobe, zajam\u010dena minimalna naknada mo\u017ee iznositi 285,00 EUR.<\/p>\n<p><br \/>U slu\u010daju da samac ili ku\u0107anstvo ostvaruju prihod, visina zajam\u010dene minimalne naknade utvr\u0111uje se kao razlika izme\u0111u iznosa zajam\u010dene minimalne naknade i mjese\u010dnog prihoda samca ili ku\u0107anstva. To podrazumijeva da su prihodi manji od iznosa zajam\u010dene minimalne naknade.<\/p><\/div>\n\t\t\t\t<\/div>\n\t\t\t\t\t\t\t<div class=\"elementor-toggle-item\">\n\t\t\t\t\t<div id=\"elementor-tab-title-2992\" class=\"elementor-tab-title\" data-tab=\"2\" role=\"button\" aria-controls=\"elementor-tab-content-2992\" aria-expanded=\"false\">\n\t\t\t\t\t\t\t\t\t\t\t\t<span class=\"elementor-toggle-icon elementor-toggle-icon-left\" aria-hidden=\"true\">\n\t\t\t\t\t\t\t\t\t\t\t\t\t\t\t<span class=\"elementor-toggle-icon-closed\"><svg class=\"e-font-icon-svg e-fas-caret-right\" viewbox=\"0 0 192 512\" xmlns=\"http:\/\/www.w3.org\/2000\/svg\"><path d=\"M0 384.662V127.338c0-17.818 21.543-26.741 34.142-14.142l128.662 128.662c7.81 7.81 7.81 20.474 0 28.284L34.142 398.804C21.543 411.404 0 402.48 0 384.662z\"><\/path><\/svg><\/span>\n\t\t\t\t\t\t\t\t<span class=\"elementor-toggle-icon-opened\"><svg class=\"elementor-toggle-icon-opened e-font-icon-svg e-fas-caret-up\" viewbox=\"0 0 320 512\" xmlns=\"http:\/\/www.w3.org\/2000\/svg\"><path d=\"M288.662 352H31.338c-17.818 0-26.741-21.543-14.142-34.142l128.662-128.662c7.81-7.81 20.474-7.81 28.284 0l128.662 128.662c12.6 12.599 3.676 34.142-14.142 34.142z\"><\/path><\/svg><\/span>\n\t\t\t\t\t\t\t\t\t\t\t\t\t<\/span>\n\t\t\t\t\t\t\t\t\t\t\t\t<a class=\"elementor-toggle-title\" tabindex=\"0\">Naknada za tro\u0161kove stanovanja<\/a>\n\t\t\t\t\t<\/div>\n\n\t\t\t\t\t<div id=\"elementor-tab-content-2992\" class=\"elementor-tab-content elementor-clearfix\" data-tab=\"2\" role=\"region\" aria-labelledby=\"elementor-tab-title-2992\"><p>Pravo na naknadu za tro\u0161kove stanovanja mogu ostvariti svi korisnici zajam\u010dene minimalne naknade osim besku\u0107nika koji se nalazi u preno\u0107i\u0161tu, prihvatili\u0161tu ili mu je priznata usluga smje\u0161taja u organiziranom stanovanju, te \u017ertvi nasilja u obitelji i \u017ertvi trgovanja ljudima kojoj je priznata usluga smje\u0161taja u kriznim situacijama.<\/p>\n<p><br \/>Tro\u0161kovi stanovanja odnose se na najamninu, komunalne naknade, tro\u0161kove grijanja, vodne usluge te tro\u0161kove koji su nastali zbog radova na pove\u0107anju energetske u\u010dinkovitosti zgrade.<\/p>\n<p><br \/>Pravo na naknadu za tro\u0161kove stanovanja priznaje jedinica lokalne samouprave, a Op\u0107ina Kne\u017eevi Vinogradi detaljnije ure\u0111uje ovo pitanje Odlukom o za\u0161titi socijalnog standarda stanovni\u0161tva Op\u0107ine Kne\u017eevi Vinogradi.<\/p><\/div>\n\t\t\t\t<\/div>\n\t\t\t\t\t\t\t<div class=\"elementor-toggle-item\">\n\t\t\t\t\t<div id=\"elementor-tab-title-2993\" class=\"elementor-tab-title\" data-tab=\"3\" role=\"button\" aria-controls=\"elementor-tab-content-2993\" aria-expanded=\"false\">\n\t\t\t\t\t\t\t\t\t\t\t\t<span class=\"elementor-toggle-icon elementor-toggle-icon-left\" aria-hidden=\"true\">\n\t\t\t\t\t\t\t\t\t\t\t\t\t\t\t<span class=\"elementor-toggle-icon-closed\"><svg class=\"e-font-icon-svg e-fas-caret-right\" viewbox=\"0 0 192 512\" xmlns=\"http:\/\/www.w3.org\/2000\/svg\"><path d=\"M0 384.662V127.338c0-17.818 21.543-26.741 34.142-14.142l128.662 128.662c7.81 7.81 7.81 20.474 0 28.284L34.142 398.804C21.543 411.404 0 402.48 0 384.662z\"><\/path><\/svg><\/span>\n\t\t\t\t\t\t\t\t<span class=\"elementor-toggle-icon-opened\"><svg class=\"elementor-toggle-icon-opened e-font-icon-svg e-fas-caret-up\" viewbox=\"0 0 320 512\" xmlns=\"http:\/\/www.w3.org\/2000\/svg\"><path d=\"M288.662 352H31.338c-17.818 0-26.741-21.543-14.142-34.142l128.662-128.662c7.81-7.81 20.474-7.81 28.284 0l128.662 128.662c12.6 12.599 3.676 34.142-14.142 34.142z\"><\/path><\/svg><\/span>\n\t\t\t\t\t\t\t\t\t\t\t\t\t<\/span>\n\t\t\t\t\t\t\t\t\t\t\t\t<a class=\"elementor-toggle-title\" tabindex=\"0\">Naknada za ugro\u017eenog kupca energenata<\/a>\n\t\t\t\t\t<\/div>\n\n\t\t\t\t\t<div id=\"elementor-tab-content-2993\" class=\"elementor-tab-content elementor-clearfix\" data-tab=\"3\" role=\"region\" aria-labelledby=\"elementor-tab-title-2993\"><p>Naknada za ugro\u017eenog kupca energenata priznaje se samcu ili ku\u0107anstvu koji su:<\/p>\n<ol>\n<li>korisnici zajam\u010dene minimalne naknade ili \u010dlan ku\u0107anstva koje ostvaruje zajam\u010denu minimalnu naknadu<\/li>\n<li>korisnici nacionalne naknade za starije osobe ili \u010dlan ku\u0107anstva koji \u017eivi s korisnikom nacionalne naknade za starije osobe<\/li>\n<li>korisnici nov\u010dane naknade za nezaposlene hrvatske branitelje iz Domovinskog rata i \u010dlanove njihovih obitelji ili \u010dlan ku\u0107anstva koji \u017eivi u ku\u0107anstvu s korisnikom navedene nov\u010dane naknade, te<\/li>\n<li>korisnici nov\u010dane naknade za civilne stradalnike iz Domovinskog rata ili \u010dlan ku\u0107anstva koji \u017eivi s korisnikom nov\u010dane naknade za civilne stradalnike iz Domovinskog rata.<\/li>\n<\/ol>\n<p><br \/>Korisnici prava naknadu mogu iskoristiti kroz subvenciju tro\u0161kova elektri\u010dne energije.<\/p><\/div>\n\t\t\t\t<\/div>\n\t\t\t\t\t\t\t<div class=\"elementor-toggle-item\">\n\t\t\t\t\t<div id=\"elementor-tab-title-2994\" class=\"elementor-tab-title\" data-tab=\"4\" role=\"button\" aria-controls=\"elementor-tab-content-2994\" aria-expanded=\"false\">\n\t\t\t\t\t\t\t\t\t\t\t\t<span class=\"elementor-toggle-icon elementor-toggle-icon-left\" aria-hidden=\"true\">\n\t\t\t\t\t\t\t\t\t\t\t\t\t\t\t<span class=\"elementor-toggle-icon-closed\"><svg class=\"e-font-icon-svg e-fas-caret-right\" viewbox=\"0 0 192 512\" xmlns=\"http:\/\/www.w3.org\/2000\/svg\"><path d=\"M0 384.662V127.338c0-17.818 21.543-26.741 34.142-14.142l128.662 128.662c7.81 7.81 7.81 20.474 0 28.284L34.142 398.804C21.543 411.404 0 402.48 0 384.662z\"><\/path><\/svg><\/span>\n\t\t\t\t\t\t\t\t<span class=\"elementor-toggle-icon-opened\"><svg class=\"elementor-toggle-icon-opened e-font-icon-svg e-fas-caret-up\" viewbox=\"0 0 320 512\" xmlns=\"http:\/\/www.w3.org\/2000\/svg\"><path d=\"M288.662 352H31.338c-17.818 0-26.741-21.543-14.142-34.142l128.662-128.662c7.81-7.81 20.474-7.81 28.284 0l128.662 128.662c12.6 12.599 3.676 34.142-14.142 34.142z\"><\/path><\/svg><\/span>\n\t\t\t\t\t\t\t\t\t\t\t\t\t<\/span>\n\t\t\t\t\t\t\t\t\t\t\t\t<a class=\"elementor-toggle-title\" tabindex=\"0\"> Jednokratna naknada<\/a>\n\t\t\t\t\t<\/div>\n\n\t\t\t\t\t<div id=\"elementor-tab-content-2994\" class=\"elementor-tab-content elementor-clearfix\" data-tab=\"4\" role=\"region\" aria-labelledby=\"elementor-tab-title-2994\"><p>Pravo na jednokratnu naknadu priznaje se samcu ili ku\u0107anstvu koje zbog podmirenja izvanrednih tro\u0161kova nastalih zbog trenuta\u010dnih \u017eivotnih okolnosti nije u mogu\u0107nosti podmiriti osnovne \u017eivotne potrebe.<\/p>\n<p><br \/>Ukupan iznos priznatih jednokratnih naknada u jednoj kalendarskoj godini mo\u017ee iznositi najvi\u0161e 331,81 EUR za samca odnosno 464,53 EUR za ku\u0107anstvo. U osobito opravdanim slu\u010dajevima, kada to zahtijevaju \u017eivotne okolnosti u kojima se korisnik na\u0161ao, mo\u017ee se jednom godi\u0161nje priznati jednokratnu naknadu u iznosu do 1.327,23 EUR.<\/p><\/div>\n\t\t\t\t<\/div>\n\t\t\t\t\t\t\t<div class=\"elementor-toggle-item\">\n\t\t\t\t\t<div id=\"elementor-tab-title-2995\" class=\"elementor-tab-title\" data-tab=\"5\" role=\"button\" aria-controls=\"elementor-tab-content-2995\" aria-expanded=\"false\">\n\t\t\t\t\t\t\t\t\t\t\t\t<span class=\"elementor-toggle-icon elementor-toggle-icon-left\" aria-hidden=\"true\">\n\t\t\t\t\t\t\t\t\t\t\t\t\t\t\t<span class=\"elementor-toggle-icon-closed\"><svg class=\"e-font-icon-svg e-fas-caret-right\" viewbox=\"0 0 192 512\" xmlns=\"http:\/\/www.w3.org\/2000\/svg\"><path d=\"M0 384.662V127.338c0-17.818 21.543-26.741 34.142-14.142l128.662 128.662c7.81 7.81 7.81 20.474 0 28.284L34.142 398.804C21.543 411.404 0 402.48 0 384.662z\"><\/path><\/svg><\/span>\n\t\t\t\t\t\t\t\t<span class=\"elementor-toggle-icon-opened\"><svg class=\"elementor-toggle-icon-opened e-font-icon-svg e-fas-caret-up\" viewbox=\"0 0 320 512\" xmlns=\"http:\/\/www.w3.org\/2000\/svg\"><path d=\"M288.662 352H31.338c-17.818 0-26.741-21.543-14.142-34.142l128.662-128.662c7.81-7.81 20.474-7.81 28.284 0l128.662 128.662c12.6 12.599 3.676 34.142-14.142 34.142z\"><\/path><\/svg><\/span>\n\t\t\t\t\t\t\t\t\t\t\t\t\t<\/span>\n\t\t\t\t\t\t\t\t\t\t\t\t<a class=\"elementor-toggle-title\" tabindex=\"0\">Naknada za pogrebne tro\u0161kove<\/a>\n\t\t\t\t\t<\/div>\n\n\t\t\t\t\t<div id=\"elementor-tab-content-2995\" class=\"elementor-tab-content elementor-clearfix\" data-tab=\"5\" role=\"region\" aria-labelledby=\"elementor-tab-title-2995\"><p>Pravo na naknadu za pogrebne tro\u0161kove priznaje se fizi\u010dkoj ili pravnoj osobi koja je podmirila tro\u0161kove pogreba ili izvr\u0161ila uslugu pogreba osobe: koja nije imala zakonskog ili ugovornog obveznika uzdr\u017eavanja i koja je u trenutku smrti bila korisnik prava na zajam\u010denu minimalnu naknadu ili \u010dlan ku\u0107anstva koje je korisnik prava na zajam\u010denu minimalnu naknadu ili prava na uslugu smje\u0161taja ili organiziranog stanovanja na temelju rje\u0161enja Zavoda.<\/p>\n<p><br \/>Pravo na naknadu za pogrebne tro\u0161kove priznaje se do iznosa osnovnih tro\u0161kova pogreba u mjestu pogreba odnosno u mjestu posljednjeg prebivali\u0161ta korisnika u Republici Hrvatskoj u slu\u010daju pogreba izvan podru\u010dja Republike Hrvatske.<\/p>\n<p><br \/>U iznos se ura\u010dunavaju i tro\u0161kovi prijevoza do mjesta pogreba odnosno do dr\u017eavne granice u slu\u010daju pogreba izvan podru\u010dja Republike Hrvatske.<\/p><\/div>\n\t\t\t\t<\/div>\n\t\t\t\t\t\t\t<div class=\"elementor-toggle-item\">\n\t\t\t\t\t<div id=\"elementor-tab-title-2996\" class=\"elementor-tab-title\" data-tab=\"6\" role=\"button\" aria-controls=\"elementor-tab-content-2996\" aria-expanded=\"false\">\n\t\t\t\t\t\t\t\t\t\t\t\t<span class=\"elementor-toggle-icon elementor-toggle-icon-left\" aria-hidden=\"true\">\n\t\t\t\t\t\t\t\t\t\t\t\t\t\t\t<span class=\"elementor-toggle-icon-closed\"><svg class=\"e-font-icon-svg e-fas-caret-right\" viewbox=\"0 0 192 512\" xmlns=\"http:\/\/www.w3.org\/2000\/svg\"><path d=\"M0 384.662V127.338c0-17.818 21.543-26.741 34.142-14.142l128.662 128.662c7.81 7.81 7.81 20.474 0 28.284L34.142 398.804C21.543 411.404 0 402.48 0 384.662z\"><\/path><\/svg><\/span>\n\t\t\t\t\t\t\t\t<span class=\"elementor-toggle-icon-opened\"><svg class=\"elementor-toggle-icon-opened e-font-icon-svg e-fas-caret-up\" viewbox=\"0 0 320 512\" xmlns=\"http:\/\/www.w3.org\/2000\/svg\"><path d=\"M288.662 352H31.338c-17.818 0-26.741-21.543-14.142-34.142l128.662-128.662c7.81-7.81 20.474-7.81 28.284 0l128.662 128.662c12.6 12.599 3.676 34.142-14.142 34.142z\"><\/path><\/svg><\/span>\n\t\t\t\t\t\t\t\t\t\t\t\t\t<\/span>\n\t\t\t\t\t\t\t\t\t\t\t\t<a class=\"elementor-toggle-title\" tabindex=\"0\">Naknada za osobne potrebe<\/a>\n\t\t\t\t\t<\/div>\n\n\t\t\t\t\t<div id=\"elementor-tab-content-2996\" class=\"elementor-tab-content elementor-clearfix\" data-tab=\"6\" role=\"region\" aria-labelledby=\"elementor-tab-title-2996\"><p>Pravo na naknadu za osobne potrebe korisnika priznaje se starijoj osobi kojoj se priznaje pravo na uslugu smje\u0161taja ili organiziranog stanovanja ako vlastitim prihodom ne mo\u017ee osigurati zadovoljavanje osobnih potreba na smje\u0161taju ili organiziranom stanovanju u iznosu od 33,18 EUR mjese\u010dno.<\/p>\n<p><br \/>Naknada za osobne potrebe prestaje ako prestaje usluga smje\u0161taja ili organiziranog stanovanja, te ako korisnik ostvari prihod kojim mo\u017ee osigurati zadovoljavanje osobnih potreba u priznatom iznosu.<\/p><\/div>\n\t\t\t\t<\/div>\n\t\t\t\t\t\t\t<div class=\"elementor-toggle-item\">\n\t\t\t\t\t<div id=\"elementor-tab-title-2997\" class=\"elementor-tab-title\" data-tab=\"7\" role=\"button\" aria-controls=\"elementor-tab-content-2997\" aria-expanded=\"false\">\n\t\t\t\t\t\t\t\t\t\t\t\t<span class=\"elementor-toggle-icon elementor-toggle-icon-left\" aria-hidden=\"true\">\n\t\t\t\t\t\t\t\t\t\t\t\t\t\t\t<span class=\"elementor-toggle-icon-closed\"><svg class=\"e-font-icon-svg e-fas-caret-right\" viewbox=\"0 0 192 512\" xmlns=\"http:\/\/www.w3.org\/2000\/svg\"><path d=\"M0 384.662V127.338c0-17.818 21.543-26.741 34.142-14.142l128.662 128.662c7.81 7.81 7.81 20.474 0 28.284L34.142 398.804C21.543 411.404 0 402.48 0 384.662z\"><\/path><\/svg><\/span>\n\t\t\t\t\t\t\t\t<span class=\"elementor-toggle-icon-opened\"><svg class=\"elementor-toggle-icon-opened e-font-icon-svg e-fas-caret-up\" viewbox=\"0 0 320 512\" xmlns=\"http:\/\/www.w3.org\/2000\/svg\"><path d=\"M288.662 352H31.338c-17.818 0-26.741-21.543-14.142-34.142l128.662-128.662c7.81-7.81 20.474-7.81 28.284 0l128.662 128.662c12.6 12.599 3.676 34.142-14.142 34.142z\"><\/path><\/svg><\/span>\n\t\t\t\t\t\t\t\t\t\t\t\t\t<\/span>\n\t\t\t\t\t\t\t\t\t\t\t\t<a class=\"elementor-toggle-title\" tabindex=\"0\">Pravo na inkluzivni dodatak<\/a>\n\t\t\t\t\t<\/div>\n\n\t\t\t\t\t<div id=\"elementor-tab-content-2997\" class=\"elementor-tab-content elementor-clearfix\" data-tab=\"7\" role=\"region\" aria-labelledby=\"elementor-tab-title-2997\"><p>Inkluzivni dodatak je nov\u010dana naknada namijenjena osobi s invaliditetom u svrhu prevladavanja razli\u010ditih prepreka koje mogu sprje\u010davati njezino puno i u\u010dinkovito sudjelovanje u dru\u0161tvu na ravnopravnoj osnovi s drugima.<\/p>\n<p><br \/>Priznaje se odrasloj osobi s tjelesnim, mentalnim, intelektualnim ili osjetilnim o\u0161te\u0107enjima kojoj je utvr\u0111en drugi, tre\u0107i ili \u010detvrti stupanj te\u017eine invaliditeta. Stupanj te\u017eine invaliditeta, kao i razina potpore inkluzivnog dodatka utvr\u0111uje Zavod na temelju nalaza i mi\u0161ljenja Zavoda za vje\u0161ta\u010denje, profesionalnu rehabilitaciju i zapo\u0161ljavanje osoba s invaliditetom.<\/p>\n<p><br \/>Osobi kojoj je priznata usluga smje\u0161taja ili organiziranog stanovanja pravo na inkluzivni dodatak se ne mo\u017ee priznati. Detaljnije odredbe o zaprekama za priznavanje prava kao i razine potpore opisane su u \u010dlancima 10., 11., 12. i 13. Zakona o inkluzivnom dodatku (NN 156\/2023).<\/p><\/div>\n\t\t\t\t<\/div>\n\t\t\t\t\t\t\t<div class=\"elementor-toggle-item\">\n\t\t\t\t\t<div id=\"elementor-tab-title-2998\" class=\"elementor-tab-title\" data-tab=\"8\" role=\"button\" aria-controls=\"elementor-tab-content-2998\" aria-expanded=\"false\">\n\t\t\t\t\t\t\t\t\t\t\t\t<span class=\"elementor-toggle-icon elementor-toggle-icon-left\" aria-hidden=\"true\">\n\t\t\t\t\t\t\t\t\t\t\t\t\t\t\t<span class=\"elementor-toggle-icon-closed\"><svg class=\"e-font-icon-svg e-fas-caret-right\" viewbox=\"0 0 192 512\" xmlns=\"http:\/\/www.w3.org\/2000\/svg\"><path d=\"M0 384.662V127.338c0-17.818 21.543-26.741 34.142-14.142l128.662 128.662c7.81 7.81 7.81 20.474 0 28.284L34.142 398.804C21.543 411.404 0 402.48 0 384.662z\"><\/path><\/svg><\/span>\n\t\t\t\t\t\t\t\t<span class=\"elementor-toggle-icon-opened\"><svg class=\"elementor-toggle-icon-opened e-font-icon-svg e-fas-caret-up\" viewbox=\"0 0 320 512\" xmlns=\"http:\/\/www.w3.org\/2000\/svg\"><path d=\"M288.662 352H31.338c-17.818 0-26.741-21.543-14.142-34.142l128.662-128.662c7.81-7.81 20.474-7.81 28.284 0l128.662 128.662c12.6 12.599 3.676 34.142-14.142 34.142z\"><\/path><\/svg><\/span>\n\t\t\t\t\t\t\t\t\t\t\t\t\t<\/span>\n\t\t\t\t\t\t\t\t\t\t\t\t<a class=\"elementor-toggle-title\" tabindex=\"0\">Status njegovatelja za osobe starije \u017eivotne dobi<\/a>\n\t\t\t\t\t<\/div>\n\n\t\t\t\t\t<div id=\"elementor-tab-content-2998\" class=\"elementor-tab-content elementor-clearfix\" data-tab=\"8\" role=\"region\" aria-labelledby=\"elementor-tab-title-2998\"><p>Pravo na status njegovatelja priznaje se za njegu osobe s invaliditetom koja:<\/p>\n<ol>\n<li>je u potpuno ovisna o pomo\u0107i i njezi druge osobe jer joj je zbog odr\u017eavanja \u017eivota potrebno pru\u017eanje specifi\u010dne njege izvo\u0111enjem medicinsko-tehni\u010dkih zahvata za koju je prema preporuci lije\u010dnika njegovatelj osposobljen,<\/li>\n<li>je u potpunosti nepokretna i uz pomo\u0107 ortopedskih pomagala,<\/li>\n<li>ima poreme\u0107aj iz autisti\u010dnog spektra \u010detvrtog stupnja ili<\/li>\n<li>ima vi\u0161e vrsta o\u0161te\u0107enja \u010detvrtog stupnja (tjelesnih, mentalnih, intelektualnih ili osjetilnih) zbog kojih je potpuno ovisna o pomo\u0107i i njezi druge osobe pri zadovoljavanju osnovnih \u017eivotnih potreba<\/li>\n<\/ol>\n<p>Pravo na status njegovatelja priznaje se osobi po izboru osobe s invaliditetom uz njezinu suglasnost, odnosno suglasnost njegovog zakonskog zastupnika i koja je punoljetna ima poslovnu sposobnost nije li\u0161ena roditeljske skrbi ima psihofizi\u010dke sposobnosti za pru\u017eanje potrebne njege i pomo\u0107i i koji pru\u017ea njegu \u017eivi u ku\u0107anstvu s osobom s invaliditetom je osposobljena za pru\u017eanje specifi\u010dne njege izvo\u0111enjem medicinsko-tehni\u010dkih zahvata za njegu djeteta s te\u0161ko\u0107ama u razvoju ili osobe s invaliditetom koji ispunjavaju gore navedene uvjete i koji pru\u017ea njegu.<\/p>\n<p><br \/>Za priznavanje ovog prava va\u017eno je da starija osoba nema sklopljen ugovor o do\u017eivotnom ili dosmrtnom uzdr\u017eavanju ili je pokrenut postupak za raskid, utvr\u0111enje ni\u0161tetnosti ili poni\u0161taj ugovora.<\/p>\n<p><br \/>Njegovatelj ima pravo na naknadu za obavljanje njege, prava iz mirovinskog osiguranja, obveznog zdravstvenog osiguranja i prava za vrijeme nezaposlenosti, kao zaposlena osoba prema posebnim propisima. Tako\u0111er, ima pravo i na kori\u0161tenje odmora te naknadu tijekom kori\u0161tenja navedenog odmora kao i za vrijeme privremene nesposobnosti za pru\u017eanje njege.<\/p><\/div>\n\t\t\t\t<\/div>\n\t\t\t\t\t\t\t\t<\/div>\n\t\t\t\t\t\t<\/div>\n\t\t\t\t<\/div>\n\t\t\t\t\t<\/div>\n\t\t\t\t<\/div>\n\t\t<div class=\"elementor-element elementor-element-ff8ca43 e-flex e-con-boxed e-con e-parent\" data-id=\"ff8ca43\" data-element_type=\"container\">\n\t\t\t\t\t<div class=\"e-con-inner\">\n\t\t\t\t<div class=\"elementor-element elementor-element-587eab7 elementor-widget elementor-widget-image\" data-id=\"587eab7\" data-element_type=\"widget\" data-widget_type=\"image.default\">\n\t\t\t\t<div class=\"elementor-widget-container\">\n\t\t\t\t\t\t\t\t\t\t\t\t\t\t\t<img fetchpriority=\"high\" decoding=\"async\" width=\"768\" height=\"576\" src=\"https:\/\/uz-izvor.hr\/wp-content\/uploads\/2023\/07\/Prava-soc.skrb-Featured-768x576.jpg\" class=\"attachment-medium_large size-medium_large wp-image-3036\" alt=\"Prava iz sustava socijalne skrbi za starije osobe 1\/2 istaknuta slika\" srcset=\"https:\/\/uz-izvor.hr\/wp-content\/uploads\/2023\/07\/Prava-soc.skrb-Featured-768x576.jpg 768w, https:\/\/uz-izvor.hr\/wp-content\/uploads\/2023\/07\/Prava-soc.skrb-Featured-300x225.jpg 300w, https:\/\/uz-izvor.hr\/wp-content\/uploads\/2023\/07\/Prava-soc.skrb-Featured-650x488.jpg 650w, https:\/\/uz-izvor.hr\/wp-content\/uploads\/2023\/07\/Prava-soc.skrb-Featured.jpg 800w\" sizes=\"(max-width: 768px) 100vw, 768px\" \/>\t\t\t\t\t\t\t\t\t\t\t\t\t\t\t<\/div>\n\t\t\t\t<\/div>\n\t\t\t\t<div class=\"elementor-element elementor-element-67df94b elementor-widget elementor-widget-text-editor\" data-id=\"67df94b\" data-element_type=\"widget\" data-widget_type=\"text-editor.default\">\n\t\t\t\t<div class=\"elementor-widget-container\">\n\t\t\t\t\t\t\t\t\t<p>Za ostvarivanje prava iz sustava socijalne skrbi mo\u017eete se obratiti Hrvatskom zavodu za socijalni rad Beli Manastir Ul. kralja Tomislava 37, 31300, Beli Manastir 031 705 155.<\/p>\n<p><!-- \/wp:paragraph --><!-- wp:group {\"layout\":{\"type\":\"constrained\"}} --><!-- \/wp:group --><!-- wp:paragraph --><!-- \/wp:paragraph --><!-- wp:paragraph --><\/p>\n<p><em>Ovaj tekst objavljen je u sklopu projekta\u00a0<a href=\"https:\/\/uz-izvor.hr\/en\/projekti\/\">Starimo zajedno<\/a>\u00a0koji financira\u00a0<a href=\"https:\/\/mrosp.gov.hr\/\">Ministarstvo rada, mirovinskoga sustava, obitelji i socijalne politike\u00a0<\/a>.<\/em><\/p>\t\t\t\t\t\t\t\t<\/div>\n\t\t\t\t<\/div>\n\t\t\t\t\t<\/div>\n\t\t\t\t<\/div>\n\t\t\t\t<\/div>","protected":false},"excerpt":{"rendered":"<p>TEKST JE A\u017dURIRAN 10. 5. 2024. GODINE U SKLADU S IZMJENAMA ZAKONA Za priznavanje prava [&hellip;]<\/p>\n","protected":false},"author":2,"featured_media":3036,"comment_status":"closed","ping_status":"closed","sticky":false,"template":"","format":"standard","meta":{"footnotes":""},"categories":[33,7],"tags":[],"class_list":["post-1135","post","type-post","status-publish","format-standard","has-post-thumbnail","hentry","category-starimo-zajedno","category-vijesti"],"yoast_head":"<!-- This site is optimized with the Yoast SEO plugin v27.3 - https:\/\/yoast.com\/product\/yoast-seo-wordpress\/ -->\n<title>Prava iz sustava socijalne skrbi za starije osobe 1\/2 - a\u017eurirano - Udruga \u017eena &quot;Izvor&quot;<\/title>\n<meta name=\"description\" content=\"O pravima iz sustava socijalne skrbi za starije osobe, kako ih ostvariti i kome se obratiti pro\u010ditajte u nastavku ovog \u010dlanka.\" \/>\n<meta name=\"robots\" content=\"index, follow, max-snippet:-1, max-image-preview:large, max-video-preview:-1\" \/>\n<link rel=\"canonical\" href=\"https:\/\/uz-izvor.hr\/en\/prava_iz_sustava_socijalne_skrbi\/\" \/>\n<meta property=\"og:locale\" content=\"en_US\" \/>\n<meta property=\"og:type\" content=\"article\" \/>\n<meta property=\"og:title\" content=\"Prava iz sustava socijalne skrbi za starije osobe 1\/2\" \/>\n<meta property=\"og:description\" content=\"O pravima iz sustava socijalne skrbi za starije osobe, kako ih ostvariti i kome se obratiti pro\u010ditajte u nastavku ovog \u010dlanka.\" \/>\n<meta property=\"og:url\" content=\"https:\/\/uz-izvor.hr\/en\/prava_iz_sustava_socijalne_skrbi\/\" \/>\n<meta property=\"og:site_name\" content=\"Udruga \u017eena &quot;Izvor&quot;\" \/>\n<meta property=\"article:publisher\" content=\"https:\/\/www.facebook.com\/profile.php?id=100090681250286\" \/>\n<meta property=\"article:published_time\" content=\"2023-07-04T21:01:26+00:00\" \/>\n<meta property=\"article:modified_time\" content=\"2024-07-22T07:07:20+00:00\" \/>\n<meta name=\"author\" content=\"Udruga \u017eena Izvor\" \/>\n<meta name=\"twitter:card\" content=\"summary_large_image\" \/>\n<meta name=\"twitter:image\" content=\"https:\/\/uz-izvor.hr\/wp-content\/uploads\/2023\/07\/Prava-soc.skrb-Featured.jpg\" \/>\n<meta name=\"twitter:label1\" content=\"Written by\" \/>\n\t<meta name=\"twitter:data1\" content=\"Udruga \u017eena Izvor\" \/>\n\t<meta name=\"twitter:label2\" content=\"Est. reading time\" \/>\n\t<meta name=\"twitter:data2\" content=\"10 minutes\" \/>\n<script type=\"application\/ld+json\" class=\"yoast-schema-graph\">{\"@context\":\"https:\\\/\\\/schema.org\",\"@graph\":[{\"@type\":\"Article\",\"@id\":\"https:\\\/\\\/uz-izvor.hr\\\/prava_iz_sustava_socijalne_skrbi\\\/#article\",\"isPartOf\":{\"@id\":\"https:\\\/\\\/uz-izvor.hr\\\/prava_iz_sustava_socijalne_skrbi\\\/\"},\"author\":{\"name\":\"Udruga \u017eena Izvor\",\"@id\":\"https:\\\/\\\/uz-izvor.hr\\\/#\\\/schema\\\/person\\\/ba3079113f8461ad4f1be4299dcb27ba\"},\"headline\":\"Prava iz sustava socijalne skrbi za starije osobe 1\\\/2 &#8211; a\u017eurirano\",\"datePublished\":\"2023-07-04T21:01:26+00:00\",\"dateModified\":\"2024-07-22T07:07:20+00:00\",\"mainEntityOfPage\":{\"@id\":\"https:\\\/\\\/uz-izvor.hr\\\/prava_iz_sustava_socijalne_skrbi\\\/\"},\"wordCount\":1333,\"publisher\":{\"@id\":\"https:\\\/\\\/uz-izvor.hr\\\/#organization\"},\"image\":{\"@id\":\"https:\\\/\\\/uz-izvor.hr\\\/prava_iz_sustava_socijalne_skrbi\\\/#primaryimage\"},\"thumbnailUrl\":\"https:\\\/\\\/uz-izvor.hr\\\/wp-content\\\/uploads\\\/2023\\\/07\\\/Prava-soc.skrb-Featured.jpg\",\"articleSection\":[\"Starimo zajedno\",\"Vijesti\"],\"inLanguage\":\"en-US\"},{\"@type\":\"WebPage\",\"@id\":\"https:\\\/\\\/uz-izvor.hr\\\/prava_iz_sustava_socijalne_skrbi\\\/\",\"url\":\"https:\\\/\\\/uz-izvor.hr\\\/prava_iz_sustava_socijalne_skrbi\\\/\",\"name\":\"Prava iz sustava socijalne skrbi za starije osobe 1\\\/2 - a\u017eurirano - Udruga \u017eena &quot;Izvor&quot;\",\"isPartOf\":{\"@id\":\"https:\\\/\\\/uz-izvor.hr\\\/#website\"},\"primaryImageOfPage\":{\"@id\":\"https:\\\/\\\/uz-izvor.hr\\\/prava_iz_sustava_socijalne_skrbi\\\/#primaryimage\"},\"image\":{\"@id\":\"https:\\\/\\\/uz-izvor.hr\\\/prava_iz_sustava_socijalne_skrbi\\\/#primaryimage\"},\"thumbnailUrl\":\"https:\\\/\\\/uz-izvor.hr\\\/wp-content\\\/uploads\\\/2023\\\/07\\\/Prava-soc.skrb-Featured.jpg\",\"datePublished\":\"2023-07-04T21:01:26+00:00\",\"dateModified\":\"2024-07-22T07:07:20+00:00\",\"description\":\"O pravima iz sustava socijalne skrbi za starije osobe, kako ih ostvariti i kome se obratiti pro\u010ditajte u nastavku ovog \u010dlanka.\",\"breadcrumb\":{\"@id\":\"https:\\\/\\\/uz-izvor.hr\\\/prava_iz_sustava_socijalne_skrbi\\\/#breadcrumb\"},\"inLanguage\":\"en-US\",\"potentialAction\":[{\"@type\":\"ReadAction\",\"target\":[\"https:\\\/\\\/uz-izvor.hr\\\/prava_iz_sustava_socijalne_skrbi\\\/\"]}]},{\"@type\":\"ImageObject\",\"inLanguage\":\"en-US\",\"@id\":\"https:\\\/\\\/uz-izvor.hr\\\/prava_iz_sustava_socijalne_skrbi\\\/#primaryimage\",\"url\":\"https:\\\/\\\/uz-izvor.hr\\\/wp-content\\\/uploads\\\/2023\\\/07\\\/Prava-soc.skrb-Featured.jpg\",\"contentUrl\":\"https:\\\/\\\/uz-izvor.hr\\\/wp-content\\\/uploads\\\/2023\\\/07\\\/Prava-soc.skrb-Featured.jpg\",\"width\":800,\"height\":600,\"caption\":\"Prava iz sustava socijalne skrbi za starije osobe 1\\\/2 istaknuta slika\"},{\"@type\":\"BreadcrumbList\",\"@id\":\"https:\\\/\\\/uz-izvor.hr\\\/prava_iz_sustava_socijalne_skrbi\\\/#breadcrumb\",\"itemListElement\":[{\"@type\":\"ListItem\",\"position\":1,\"name\":\"Po\u010detna stranica\",\"item\":\"https:\\\/\\\/uz-izvor.hr\\\/\"},{\"@type\":\"ListItem\",\"position\":2,\"name\":\"Prava iz sustava socijalne skrbi za starije osobe 1\\\/2 &#8211; a\u017eurirano\"}]},{\"@type\":\"WebSite\",\"@id\":\"https:\\\/\\\/uz-izvor.hr\\\/#website\",\"url\":\"https:\\\/\\\/uz-izvor.hr\\\/\",\"name\":\"Udruga \u017eena \\\"Izvor\\\"\",\"description\":\"Web stranica udruge \u017eena &quot;Izvor&quot;\",\"publisher\":{\"@id\":\"https:\\\/\\\/uz-izvor.hr\\\/#organization\"},\"potentialAction\":[{\"@type\":\"SearchAction\",\"target\":{\"@type\":\"EntryPoint\",\"urlTemplate\":\"https:\\\/\\\/uz-izvor.hr\\\/?s={search_term_string}\"},\"query-input\":{\"@type\":\"PropertyValueSpecification\",\"valueRequired\":true,\"valueName\":\"search_term_string\"}}],\"inLanguage\":\"en-US\"},{\"@type\":\"Organization\",\"@id\":\"https:\\\/\\\/uz-izvor.hr\\\/#organization\",\"name\":\"Udruga \u017eena \\\"Izvor\\\"\",\"url\":\"https:\\\/\\\/uz-izvor.hr\\\/\",\"logo\":{\"@type\":\"ImageObject\",\"inLanguage\":\"en-US\",\"@id\":\"https:\\\/\\\/uz-izvor.hr\\\/#\\\/schema\\\/logo\\\/image\\\/\",\"url\":\"https:\\\/\\\/uz-izvor.hr\\\/wp-content\\\/uploads\\\/2024\\\/03\\\/Izvor-logo-header-2.png\",\"contentUrl\":\"https:\\\/\\\/uz-izvor.hr\\\/wp-content\\\/uploads\\\/2024\\\/03\\\/Izvor-logo-header-2.png\",\"width\":356,\"height\":78,\"caption\":\"Udruga \u017eena \\\"Izvor\\\"\"},\"image\":{\"@id\":\"https:\\\/\\\/uz-izvor.hr\\\/#\\\/schema\\\/logo\\\/image\\\/\"},\"sameAs\":[\"https:\\\/\\\/www.facebook.com\\\/profile.php?id=100090681250286\"]},{\"@type\":\"Person\",\"@id\":\"https:\\\/\\\/uz-izvor.hr\\\/#\\\/schema\\\/person\\\/ba3079113f8461ad4f1be4299dcb27ba\",\"name\":\"Udruga \u017eena Izvor\",\"image\":{\"@type\":\"ImageObject\",\"inLanguage\":\"en-US\",\"@id\":\"https:\\\/\\\/secure.gravatar.com\\\/avatar\\\/3eb043bed2aed6aa8304ef00eeab275b74962114ec00776c9bc002105df5d9b0?s=96&d=mm&r=g\",\"url\":\"https:\\\/\\\/secure.gravatar.com\\\/avatar\\\/3eb043bed2aed6aa8304ef00eeab275b74962114ec00776c9bc002105df5d9b0?s=96&d=mm&r=g\",\"contentUrl\":\"https:\\\/\\\/secure.gravatar.com\\\/avatar\\\/3eb043bed2aed6aa8304ef00eeab275b74962114ec00776c9bc002105df5d9b0?s=96&d=mm&r=g\",\"caption\":\"Udruga \u017eena Izvor\"},\"url\":\"https:\\\/\\\/uz-izvor.hr\\\/en\\\/author\\\/udruga-zena-izvor\\\/\"}]}<\/script>\n<!-- \/ Yoast SEO plugin. -->","yoast_head_json":{"title":"Prava iz sustava socijalne skrbi za starije osobe 1\/2 - a\u017eurirano - Udruga \u017eena &quot;Izvor&quot;","description":"O pravima iz sustava socijalne skrbi za starije osobe, kako ih ostvariti i kome se obratiti pro\u010ditajte u nastavku ovog \u010dlanka.","robots":{"index":"index","follow":"follow","max-snippet":"max-snippet:-1","max-image-preview":"max-image-preview:large","max-video-preview":"max-video-preview:-1"},"canonical":"https:\/\/uz-izvor.hr\/en\/prava_iz_sustava_socijalne_skrbi\/","og_locale":"en_US","og_type":"article","og_title":"Prava iz sustava socijalne skrbi za starije osobe 1\/2","og_description":"O pravima iz sustava socijalne skrbi za starije osobe, kako ih ostvariti i kome se obratiti pro\u010ditajte u nastavku ovog \u010dlanka.","og_url":"https:\/\/uz-izvor.hr\/en\/prava_iz_sustava_socijalne_skrbi\/","og_site_name":"Udruga \u017eena &quot;Izvor&quot;","article_publisher":"https:\/\/www.facebook.com\/profile.php?id=100090681250286","article_published_time":"2023-07-04T21:01:26+00:00","article_modified_time":"2024-07-22T07:07:20+00:00","author":"Udruga \u017eena Izvor","twitter_card":"summary_large_image","twitter_image":"https:\/\/uz-izvor.hr\/wp-content\/uploads\/2023\/07\/Prava-soc.skrb-Featured.jpg","twitter_misc":{"Written by":"Udruga \u017eena Izvor","Est. reading time":"10 minutes"},"schema":{"@context":"https:\/\/schema.org","@graph":[{"@type":"Article","@id":"https:\/\/uz-izvor.hr\/prava_iz_sustava_socijalne_skrbi\/#article","isPartOf":{"@id":"https:\/\/uz-izvor.hr\/prava_iz_sustava_socijalne_skrbi\/"},"author":{"name":"Udruga \u017eena Izvor","@id":"https:\/\/uz-izvor.hr\/#\/schema\/person\/ba3079113f8461ad4f1be4299dcb27ba"},"headline":"Prava iz sustava socijalne skrbi za starije osobe 1\/2 &#8211; a\u017eurirano","datePublished":"2023-07-04T21:01:26+00:00","dateModified":"2024-07-22T07:07:20+00:00","mainEntityOfPage":{"@id":"https:\/\/uz-izvor.hr\/prava_iz_sustava_socijalne_skrbi\/"},"wordCount":1333,"publisher":{"@id":"https:\/\/uz-izvor.hr\/#organization"},"image":{"@id":"https:\/\/uz-izvor.hr\/prava_iz_sustava_socijalne_skrbi\/#primaryimage"},"thumbnailUrl":"https:\/\/uz-izvor.hr\/wp-content\/uploads\/2023\/07\/Prava-soc.skrb-Featured.jpg","articleSection":["Starimo zajedno","Vijesti"],"inLanguage":"en-US"},{"@type":"WebPage","@id":"https:\/\/uz-izvor.hr\/prava_iz_sustava_socijalne_skrbi\/","url":"https:\/\/uz-izvor.hr\/prava_iz_sustava_socijalne_skrbi\/","name":"Prava iz sustava socijalne skrbi za starije osobe 1\/2 - a\u017eurirano - Udruga \u017eena &quot;Izvor&quot;","isPartOf":{"@id":"https:\/\/uz-izvor.hr\/#website"},"primaryImageOfPage":{"@id":"https:\/\/uz-izvor.hr\/prava_iz_sustava_socijalne_skrbi\/#primaryimage"},"image":{"@id":"https:\/\/uz-izvor.hr\/prava_iz_sustava_socijalne_skrbi\/#primaryimage"},"thumbnailUrl":"https:\/\/uz-izvor.hr\/wp-content\/uploads\/2023\/07\/Prava-soc.skrb-Featured.jpg","datePublished":"2023-07-04T21:01:26+00:00","dateModified":"2024-07-22T07:07:20+00:00","description":"O pravima iz sustava socijalne skrbi za starije osobe, kako ih ostvariti i kome se obratiti pro\u010ditajte u nastavku ovog \u010dlanka.","breadcrumb":{"@id":"https:\/\/uz-izvor.hr\/prava_iz_sustava_socijalne_skrbi\/#breadcrumb"},"inLanguage":"en-US","potentialAction":[{"@type":"ReadAction","target":["https:\/\/uz-izvor.hr\/prava_iz_sustava_socijalne_skrbi\/"]}]},{"@type":"ImageObject","inLanguage":"en-US","@id":"https:\/\/uz-izvor.hr\/prava_iz_sustava_socijalne_skrbi\/#primaryimage","url":"https:\/\/uz-izvor.hr\/wp-content\/uploads\/2023\/07\/Prava-soc.skrb-Featured.jpg","contentUrl":"https:\/\/uz-izvor.hr\/wp-content\/uploads\/2023\/07\/Prava-soc.skrb-Featured.jpg","width":800,"height":600,"caption":"Prava iz sustava socijalne skrbi za starije osobe 1\/2 istaknuta slika"},{"@type":"BreadcrumbList","@id":"https:\/\/uz-izvor.hr\/prava_iz_sustava_socijalne_skrbi\/#breadcrumb","itemListElement":[{"@type":"ListItem","position":1,"name":"Po\u010detna stranica","item":"https:\/\/uz-izvor.hr\/"},{"@type":"ListItem","position":2,"name":"Prava iz sustava socijalne skrbi za starije osobe 1\/2 &#8211; a\u017eurirano"}]},{"@type":"WebSite","@id":"https:\/\/uz-izvor.hr\/#website","url":"https:\/\/uz-izvor.hr\/","name":"Udruga \u017eena \"Izvor\"","description":"Web stranica udruge \u017eena &quot;Izvor&quot;","publisher":{"@id":"https:\/\/uz-izvor.hr\/#organization"},"potentialAction":[{"@type":"SearchAction","target":{"@type":"EntryPoint","urlTemplate":"https:\/\/uz-izvor.hr\/?s={search_term_string}"},"query-input":{"@type":"PropertyValueSpecification","valueRequired":true,"valueName":"search_term_string"}}],"inLanguage":"en-US"},{"@type":"Organization","@id":"https:\/\/uz-izvor.hr\/#organization","name":"Udruga \u017eena \"Izvor\"","url":"https:\/\/uz-izvor.hr\/","logo":{"@type":"ImageObject","inLanguage":"en-US","@id":"https:\/\/uz-izvor.hr\/#\/schema\/logo\/image\/","url":"https:\/\/uz-izvor.hr\/wp-content\/uploads\/2024\/03\/Izvor-logo-header-2.png","contentUrl":"https:\/\/uz-izvor.hr\/wp-content\/uploads\/2024\/03\/Izvor-logo-header-2.png","width":356,"height":78,"caption":"Udruga \u017eena \"Izvor\""},"image":{"@id":"https:\/\/uz-izvor.hr\/#\/schema\/logo\/image\/"},"sameAs":["https:\/\/www.facebook.com\/profile.php?id=100090681250286"]},{"@type":"Person","@id":"https:\/\/uz-izvor.hr\/#\/schema\/person\/ba3079113f8461ad4f1be4299dcb27ba","name":"Udruga \u017eena Izvor","image":{"@type":"ImageObject","inLanguage":"en-US","@id":"https:\/\/secure.gravatar.com\/avatar\/3eb043bed2aed6aa8304ef00eeab275b74962114ec00776c9bc002105df5d9b0?s=96&d=mm&r=g","url":"https:\/\/secure.gravatar.com\/avatar\/3eb043bed2aed6aa8304ef00eeab275b74962114ec00776c9bc002105df5d9b0?s=96&d=mm&r=g","contentUrl":"https:\/\/secure.gravatar.com\/avatar\/3eb043bed2aed6aa8304ef00eeab275b74962114ec00776c9bc002105df5d9b0?s=96&d=mm&r=g","caption":"Udruga \u017eena Izvor"},"url":"https:\/\/uz-izvor.hr\/en\/author\/udruga-zena-izvor\/"}]}},"_links":{"self":[{"href":"https:\/\/uz-izvor.hr\/en\/wp-json\/wp\/v2\/posts\/1135","targetHints":{"allow":["GET"]}}],"collection":[{"href":"https:\/\/uz-izvor.hr\/en\/wp-json\/wp\/v2\/posts"}],"about":[{"href":"https:\/\/uz-izvor.hr\/en\/wp-json\/wp\/v2\/types\/post"}],"author":[{"embeddable":true,"href":"https:\/\/uz-izvor.hr\/en\/wp-json\/wp\/v2\/users\/2"}],"replies":[{"embeddable":true,"href":"https:\/\/uz-izvor.hr\/en\/wp-json\/wp\/v2\/comments?post=1135"}],"version-history":[{"count":71,"href":"https:\/\/uz-izvor.hr\/en\/wp-json\/wp\/v2\/posts\/1135\/revisions"}],"predecessor-version":[{"id":3813,"href":"https:\/\/uz-izvor.hr\/en\/wp-json\/wp\/v2\/posts\/1135\/revisions\/3813"}],"wp:featuredmedia":[{"embeddable":true,"href":"https:\/\/uz-izvor.hr\/en\/wp-json\/wp\/v2\/media\/3036"}],"wp:attachment":[{"href":"https:\/\/uz-izvor.hr\/en\/wp-json\/wp\/v2\/media?parent=1135"}],"wp:term":[{"taxonomy":"category","embeddable":true,"href":"https:\/\/uz-izvor.hr\/en\/wp-json\/wp\/v2\/categories?post=1135"},{"taxonomy":"post_tag","embeddable":true,"href":"https:\/\/uz-izvor.hr\/en\/wp-json\/wp\/v2\/tags?post=1135"}],"curies":[{"name":"wp","href":"https:\/\/api.w.org\/{rel}","templated":true}]}}