{"id":1039,"date":"2023-05-03T08:41:05","date_gmt":"2023-05-03T08:41:05","guid":{"rendered":"https:\/\/uz-izvor.hr\/?p=1039"},"modified":"2024-03-21T08:06:31","modified_gmt":"2024-03-21T08:06:31","slug":"brosura-o-socijalnoj-ukljucenosti-starijih-osoba-na-madarskom-jeziku","status":"publish","type":"post","link":"https:\/\/uz-izvor.hr\/en\/brosura-o-socijalnoj-ukljucenosti-starijih-osoba-na-madarskom-jeziku\/","title":{"rendered":"Bro\u0161ura o socijalnoj uklju\u010denosti starijih osoba na ma\u0111arskom jeziku"},"content":{"rendered":"<p>Bro\u0161uru koja je nastala u sklopu projekta <em><a href=\"https:\/\/uz-izvor.hr\/en\/projekti\/\" target=\"_blank\" rel=\"noreferrer noopener\">Izvor pomo\u0107i<\/a><\/em> koji financira Ministarstvo rada, mirovinskoga sustava, obitelji i socijalne politike u sklopu Poziva za prijavu dvogodi\u0161njih programa usmjerenih unaprje\u0111enju kvalitete \u017eivota i za\u0161titi prava starijih osoba za 2023. i 2024. godinu na\u0161a volonterka je prevela na ma\u0111arski jezik.<\/p>\n\n\n\n<p>U bro\u0161uri smo razmotrili va\u017enost socijalne uklju\u010denosti za starije osobe, kao i na\u010dine na koje oni mogu pobolj\u0161ati svoju socijalnu uklju\u010denost i u\u017eivati u boljem i  kvalitetnijem \u017eivotu u kasnijim godinama.<\/p>\n\n\n\n<p>Dostupna je i tiskana verzija na hrvatskom jeziku, a za vas koji ste informati\u010dki vje\u0161ti i posjetili nas na na\u0161im stranicama pripremili smo i digitalnu verziju bro\u0161ure koja je slobodna za preuzimanje.<\/p>\n\n\n\n<p>Ovaj tekst je prvenstveno namjenjen osobama starije \u017eivotne dobi i njihovim obiteljima. Ako ste stariji &#8211; dobrodo\u0161li ste da nam se pridru\u017eite, ako ste mladi &#8211; pozivamo vas da starije osobe iz svoje okoline potaknete na dru\u017enje, primjerenu fizi\u010dku aktivnost, kreativno izra\u017eavanje i sli\u010dno.<\/p>\n\n\n\n<p>Bro\u0161ura o socijalnoj uklju\u010denosti starijh osoba HU <\/p>\n\n\n\n<div data-wp-interactive=\"core\/file\" class=\"wp-block-file\"><object data-wp-bind--hidden=\"!state.hasPdfPreview\" hidden class=\"wp-block-file__embed\" data=\"https:\/\/uz-izvor.hr\/wp-content\/uploads\/2023\/05\/Brosura-HU.pdf\" type=\"application\/pdf\" style=\"width:100%;height:600px\" aria-label=\"Embed of Brosura-HU.\"><\/object><a id=\"wp-block-file--media-50cc6520-fabe-4aab-911d-f03807de791d\" href=\"https:\/\/uz-izvor.hr\/wp-content\/uploads\/2023\/05\/Brosura-HU.pdf\">Brosura-HU<\/a><a href=\"https:\/\/uz-izvor.hr\/wp-content\/uploads\/2023\/05\/Brosura-HU.pdf\" class=\"wp-block-file__button wp-element-button\" download aria-describedby=\"wp-block-file--media-50cc6520-fabe-4aab-911d-f03807de791d\">Preuzmi<\/a><\/div>\n\n\n\n<p><\/p>","protected":false},"excerpt":{"rendered":"<p>Bro\u0161ura o oscijalnoj uklju\u010denosti starijih osoba nastala u sklopu projekta Izvor pomo\u0107i koji financira Ministarstvo rada, mirovinskoga sustava, obitelji i socijalne politike-<\/p>","protected":false},"author":2,"featured_media":3086,"comment_status":"closed","ping_status":"closed","sticky":false,"template":"","format":"standard","meta":{"footnotes":""},"categories":[34,7],"tags":[],"class_list":["post-1039","post","type-post","status-publish","format-standard","has-post-thumbnail","hentry","category-izvor-pomoci","category-vijesti"],"yoast_head":"<!-- This site is optimized with the Yoast SEO plugin v27.3 - https:\/\/yoast.com\/product\/yoast-seo-wordpress\/ -->\n<title>Bro\u0161ura o socijalnoj uklju\u010denosti starijih osoba na ma\u0111arskom jeziku - Udruga \u017eena &quot;Izvor&quot;<\/title>\n<meta name=\"description\" content=\"Bro\u0161ura o socijalnoj uklju\u010denosti starijih osoba nastala u sklopu projekta Izvor pomo\u0107i koji financira Ministarstvo rada, mirovinskoga sustava, obitelji i socijalne politike s ciljem pove\u0107anja kvalitete \u017eivota starijih osoba\" \/>\n<meta name=\"robots\" content=\"index, follow, max-snippet:-1, max-image-preview:large, max-video-preview:-1\" \/>\n<link rel=\"canonical\" href=\"https:\/\/uz-izvor.hr\/en\/brosura-o-socijalnoj-ukljucenosti-starijih-osoba-na-madarskom-jeziku\/\" \/>\n<meta property=\"og:locale\" content=\"en_US\" \/>\n<meta property=\"og:type\" content=\"article\" \/>\n<meta property=\"og:title\" content=\"Bro\u0161ura o socijalnoj uklju\u010denosti starijih osoba na ma\u0111arskom jeziku - Udruga \u017eena &quot;Izvor&quot;\" \/>\n<meta property=\"og:description\" content=\"Bro\u0161ura o socijalnoj uklju\u010denosti starijih osoba nastala u sklopu projekta Izvor pomo\u0107i koji financira Ministarstvo rada, mirovinskoga sustava, obitelji i socijalne politike s ciljem pove\u0107anja kvalitete \u017eivota starijih osoba\" \/>\n<meta property=\"og:url\" content=\"https:\/\/uz-izvor.hr\/en\/brosura-o-socijalnoj-ukljucenosti-starijih-osoba-na-madarskom-jeziku\/\" \/>\n<meta property=\"og:site_name\" content=\"Udruga \u017eena &quot;Izvor&quot;\" \/>\n<meta property=\"article:publisher\" content=\"https:\/\/www.facebook.com\/profile.php?id=100090681250286\" \/>\n<meta property=\"article:published_time\" content=\"2023-05-03T08:41:05+00:00\" \/>\n<meta property=\"article:modified_time\" content=\"2024-03-21T08:06:31+00:00\" \/>\n<meta property=\"og:image\" content=\"https:\/\/uz-izvor.hr\/wp-content\/uploads\/2023\/05\/Brosura-na-madarskom-Featured.jpg\" \/>\n\t<meta property=\"og:image:width\" content=\"800\" \/>\n\t<meta property=\"og:image:height\" content=\"600\" \/>\n\t<meta property=\"og:image:type\" content=\"image\/jpeg\" \/>\n<meta name=\"author\" content=\"Udruga \u017eena Izvor\" \/>\n<meta name=\"twitter:card\" content=\"summary_large_image\" \/>\n<meta name=\"twitter:label1\" content=\"Written by\" \/>\n\t<meta name=\"twitter:data1\" content=\"Udruga \u017eena Izvor\" \/>\n\t<meta name=\"twitter:label2\" content=\"Est. reading time\" \/>\n\t<meta name=\"twitter:data2\" content=\"1 minute\" \/>\n<script type=\"application\/ld+json\" class=\"yoast-schema-graph\">{\"@context\":\"https:\\\/\\\/schema.org\",\"@graph\":[{\"@type\":\"Article\",\"@id\":\"https:\\\/\\\/uz-izvor.hr\\\/brosura-o-socijalnoj-ukljucenosti-starijih-osoba-na-madarskom-jeziku\\\/#article\",\"isPartOf\":{\"@id\":\"https:\\\/\\\/uz-izvor.hr\\\/brosura-o-socijalnoj-ukljucenosti-starijih-osoba-na-madarskom-jeziku\\\/\"},\"author\":{\"name\":\"Udruga \u017eena Izvor\",\"@id\":\"https:\\\/\\\/uz-izvor.hr\\\/#\\\/schema\\\/person\\\/ba3079113f8461ad4f1be4299dcb27ba\"},\"headline\":\"Bro\u0161ura o socijalnoj uklju\u010denosti starijih osoba na ma\u0111arskom jeziku\",\"datePublished\":\"2023-05-03T08:41:05+00:00\",\"dateModified\":\"2024-03-21T08:06:31+00:00\",\"mainEntityOfPage\":{\"@id\":\"https:\\\/\\\/uz-izvor.hr\\\/brosura-o-socijalnoj-ukljucenosti-starijih-osoba-na-madarskom-jeziku\\\/\"},\"wordCount\":199,\"publisher\":{\"@id\":\"https:\\\/\\\/uz-izvor.hr\\\/#organization\"},\"image\":{\"@id\":\"https:\\\/\\\/uz-izvor.hr\\\/brosura-o-socijalnoj-ukljucenosti-starijih-osoba-na-madarskom-jeziku\\\/#primaryimage\"},\"thumbnailUrl\":\"https:\\\/\\\/uz-izvor.hr\\\/wp-content\\\/uploads\\\/2023\\\/05\\\/Brosura-na-madarskom-Featured.jpg\",\"articleSection\":[\"Izvor pomo\u0107i\",\"Vijesti\"],\"inLanguage\":\"en-US\"},{\"@type\":\"WebPage\",\"@id\":\"https:\\\/\\\/uz-izvor.hr\\\/brosura-o-socijalnoj-ukljucenosti-starijih-osoba-na-madarskom-jeziku\\\/\",\"url\":\"https:\\\/\\\/uz-izvor.hr\\\/brosura-o-socijalnoj-ukljucenosti-starijih-osoba-na-madarskom-jeziku\\\/\",\"name\":\"Bro\u0161ura o socijalnoj uklju\u010denosti starijih osoba na ma\u0111arskom jeziku - Udruga \u017eena &quot;Izvor&quot;\",\"isPartOf\":{\"@id\":\"https:\\\/\\\/uz-izvor.hr\\\/#website\"},\"primaryImageOfPage\":{\"@id\":\"https:\\\/\\\/uz-izvor.hr\\\/brosura-o-socijalnoj-ukljucenosti-starijih-osoba-na-madarskom-jeziku\\\/#primaryimage\"},\"image\":{\"@id\":\"https:\\\/\\\/uz-izvor.hr\\\/brosura-o-socijalnoj-ukljucenosti-starijih-osoba-na-madarskom-jeziku\\\/#primaryimage\"},\"thumbnailUrl\":\"https:\\\/\\\/uz-izvor.hr\\\/wp-content\\\/uploads\\\/2023\\\/05\\\/Brosura-na-madarskom-Featured.jpg\",\"datePublished\":\"2023-05-03T08:41:05+00:00\",\"dateModified\":\"2024-03-21T08:06:31+00:00\",\"description\":\"Bro\u0161ura o socijalnoj uklju\u010denosti starijih osoba nastala u sklopu projekta Izvor pomo\u0107i koji financira Ministarstvo rada, mirovinskoga sustava, obitelji i socijalne politike s ciljem pove\u0107anja kvalitete \u017eivota starijih osoba\",\"breadcrumb\":{\"@id\":\"https:\\\/\\\/uz-izvor.hr\\\/brosura-o-socijalnoj-ukljucenosti-starijih-osoba-na-madarskom-jeziku\\\/#breadcrumb\"},\"inLanguage\":\"en-US\",\"potentialAction\":[{\"@type\":\"ReadAction\",\"target\":[\"https:\\\/\\\/uz-izvor.hr\\\/brosura-o-socijalnoj-ukljucenosti-starijih-osoba-na-madarskom-jeziku\\\/\"]}]},{\"@type\":\"ImageObject\",\"inLanguage\":\"en-US\",\"@id\":\"https:\\\/\\\/uz-izvor.hr\\\/brosura-o-socijalnoj-ukljucenosti-starijih-osoba-na-madarskom-jeziku\\\/#primaryimage\",\"url\":\"https:\\\/\\\/uz-izvor.hr\\\/wp-content\\\/uploads\\\/2023\\\/05\\\/Brosura-na-madarskom-Featured.jpg\",\"contentUrl\":\"https:\\\/\\\/uz-izvor.hr\\\/wp-content\\\/uploads\\\/2023\\\/05\\\/Brosura-na-madarskom-Featured.jpg\",\"width\":800,\"height\":600},{\"@type\":\"BreadcrumbList\",\"@id\":\"https:\\\/\\\/uz-izvor.hr\\\/brosura-o-socijalnoj-ukljucenosti-starijih-osoba-na-madarskom-jeziku\\\/#breadcrumb\",\"itemListElement\":[{\"@type\":\"ListItem\",\"position\":1,\"name\":\"Po\u010detna stranica\",\"item\":\"https:\\\/\\\/uz-izvor.hr\\\/\"},{\"@type\":\"ListItem\",\"position\":2,\"name\":\"Bro\u0161ura o socijalnoj uklju\u010denosti starijih osoba na ma\u0111arskom jeziku\"}]},{\"@type\":\"WebSite\",\"@id\":\"https:\\\/\\\/uz-izvor.hr\\\/#website\",\"url\":\"https:\\\/\\\/uz-izvor.hr\\\/\",\"name\":\"Udruga \u017eena \\\"Izvor\\\"\",\"description\":\"Web stranica udruge \u017eena &quot;Izvor&quot;\",\"publisher\":{\"@id\":\"https:\\\/\\\/uz-izvor.hr\\\/#organization\"},\"potentialAction\":[{\"@type\":\"SearchAction\",\"target\":{\"@type\":\"EntryPoint\",\"urlTemplate\":\"https:\\\/\\\/uz-izvor.hr\\\/?s={search_term_string}\"},\"query-input\":{\"@type\":\"PropertyValueSpecification\",\"valueRequired\":true,\"valueName\":\"search_term_string\"}}],\"inLanguage\":\"en-US\"},{\"@type\":\"Organization\",\"@id\":\"https:\\\/\\\/uz-izvor.hr\\\/#organization\",\"name\":\"Udruga \u017eena \\\"Izvor\\\"\",\"url\":\"https:\\\/\\\/uz-izvor.hr\\\/\",\"logo\":{\"@type\":\"ImageObject\",\"inLanguage\":\"en-US\",\"@id\":\"https:\\\/\\\/uz-izvor.hr\\\/#\\\/schema\\\/logo\\\/image\\\/\",\"url\":\"https:\\\/\\\/uz-izvor.hr\\\/wp-content\\\/uploads\\\/2024\\\/03\\\/Izvor-logo-header-2.png\",\"contentUrl\":\"https:\\\/\\\/uz-izvor.hr\\\/wp-content\\\/uploads\\\/2024\\\/03\\\/Izvor-logo-header-2.png\",\"width\":356,\"height\":78,\"caption\":\"Udruga \u017eena \\\"Izvor\\\"\"},\"image\":{\"@id\":\"https:\\\/\\\/uz-izvor.hr\\\/#\\\/schema\\\/logo\\\/image\\\/\"},\"sameAs\":[\"https:\\\/\\\/www.facebook.com\\\/profile.php?id=100090681250286\"]},{\"@type\":\"Person\",\"@id\":\"https:\\\/\\\/uz-izvor.hr\\\/#\\\/schema\\\/person\\\/ba3079113f8461ad4f1be4299dcb27ba\",\"name\":\"Udruga \u017eena Izvor\",\"image\":{\"@type\":\"ImageObject\",\"inLanguage\":\"en-US\",\"@id\":\"https:\\\/\\\/secure.gravatar.com\\\/avatar\\\/3eb043bed2aed6aa8304ef00eeab275b74962114ec00776c9bc002105df5d9b0?s=96&d=mm&r=g\",\"url\":\"https:\\\/\\\/secure.gravatar.com\\\/avatar\\\/3eb043bed2aed6aa8304ef00eeab275b74962114ec00776c9bc002105df5d9b0?s=96&d=mm&r=g\",\"contentUrl\":\"https:\\\/\\\/secure.gravatar.com\\\/avatar\\\/3eb043bed2aed6aa8304ef00eeab275b74962114ec00776c9bc002105df5d9b0?s=96&d=mm&r=g\",\"caption\":\"Udruga \u017eena Izvor\"},\"url\":\"https:\\\/\\\/uz-izvor.hr\\\/en\\\/author\\\/udruga-zena-izvor\\\/\"}]}<\/script>\n<!-- \/ Yoast SEO plugin. -->","yoast_head_json":{"title":"Bro\u0161ura o socijalnoj uklju\u010denosti starijih osoba na ma\u0111arskom jeziku - Udruga \u017eena &quot;Izvor&quot;","description":"Bro\u0161ura o socijalnoj uklju\u010denosti starijih osoba nastala u sklopu projekta Izvor pomo\u0107i koji financira Ministarstvo rada, mirovinskoga sustava, obitelji i socijalne politike s ciljem pove\u0107anja kvalitete \u017eivota starijih osoba","robots":{"index":"index","follow":"follow","max-snippet":"max-snippet:-1","max-image-preview":"max-image-preview:large","max-video-preview":"max-video-preview:-1"},"canonical":"https:\/\/uz-izvor.hr\/en\/brosura-o-socijalnoj-ukljucenosti-starijih-osoba-na-madarskom-jeziku\/","og_locale":"en_US","og_type":"article","og_title":"Bro\u0161ura o socijalnoj uklju\u010denosti starijih osoba na ma\u0111arskom jeziku - Udruga \u017eena &quot;Izvor&quot;","og_description":"Bro\u0161ura o socijalnoj uklju\u010denosti starijih osoba nastala u sklopu projekta Izvor pomo\u0107i koji financira Ministarstvo rada, mirovinskoga sustava, obitelji i socijalne politike s ciljem pove\u0107anja kvalitete \u017eivota starijih osoba","og_url":"https:\/\/uz-izvor.hr\/en\/brosura-o-socijalnoj-ukljucenosti-starijih-osoba-na-madarskom-jeziku\/","og_site_name":"Udruga \u017eena &quot;Izvor&quot;","article_publisher":"https:\/\/www.facebook.com\/profile.php?id=100090681250286","article_published_time":"2023-05-03T08:41:05+00:00","article_modified_time":"2024-03-21T08:06:31+00:00","og_image":[{"width":800,"height":600,"url":"https:\/\/uz-izvor.hr\/wp-content\/uploads\/2023\/05\/Brosura-na-madarskom-Featured.jpg","type":"image\/jpeg"}],"author":"Udruga \u017eena Izvor","twitter_card":"summary_large_image","twitter_misc":{"Written by":"Udruga \u017eena Izvor","Est. reading time":"1 minute"},"schema":{"@context":"https:\/\/schema.org","@graph":[{"@type":"Article","@id":"https:\/\/uz-izvor.hr\/brosura-o-socijalnoj-ukljucenosti-starijih-osoba-na-madarskom-jeziku\/#article","isPartOf":{"@id":"https:\/\/uz-izvor.hr\/brosura-o-socijalnoj-ukljucenosti-starijih-osoba-na-madarskom-jeziku\/"},"author":{"name":"Udruga \u017eena Izvor","@id":"https:\/\/uz-izvor.hr\/#\/schema\/person\/ba3079113f8461ad4f1be4299dcb27ba"},"headline":"Bro\u0161ura o socijalnoj uklju\u010denosti starijih osoba na ma\u0111arskom jeziku","datePublished":"2023-05-03T08:41:05+00:00","dateModified":"2024-03-21T08:06:31+00:00","mainEntityOfPage":{"@id":"https:\/\/uz-izvor.hr\/brosura-o-socijalnoj-ukljucenosti-starijih-osoba-na-madarskom-jeziku\/"},"wordCount":199,"publisher":{"@id":"https:\/\/uz-izvor.hr\/#organization"},"image":{"@id":"https:\/\/uz-izvor.hr\/brosura-o-socijalnoj-ukljucenosti-starijih-osoba-na-madarskom-jeziku\/#primaryimage"},"thumbnailUrl":"https:\/\/uz-izvor.hr\/wp-content\/uploads\/2023\/05\/Brosura-na-madarskom-Featured.jpg","articleSection":["Izvor pomo\u0107i","Vijesti"],"inLanguage":"en-US"},{"@type":"WebPage","@id":"https:\/\/uz-izvor.hr\/brosura-o-socijalnoj-ukljucenosti-starijih-osoba-na-madarskom-jeziku\/","url":"https:\/\/uz-izvor.hr\/brosura-o-socijalnoj-ukljucenosti-starijih-osoba-na-madarskom-jeziku\/","name":"Bro\u0161ura o socijalnoj uklju\u010denosti starijih osoba na ma\u0111arskom jeziku - Udruga \u017eena &quot;Izvor&quot;","isPartOf":{"@id":"https:\/\/uz-izvor.hr\/#website"},"primaryImageOfPage":{"@id":"https:\/\/uz-izvor.hr\/brosura-o-socijalnoj-ukljucenosti-starijih-osoba-na-madarskom-jeziku\/#primaryimage"},"image":{"@id":"https:\/\/uz-izvor.hr\/brosura-o-socijalnoj-ukljucenosti-starijih-osoba-na-madarskom-jeziku\/#primaryimage"},"thumbnailUrl":"https:\/\/uz-izvor.hr\/wp-content\/uploads\/2023\/05\/Brosura-na-madarskom-Featured.jpg","datePublished":"2023-05-03T08:41:05+00:00","dateModified":"2024-03-21T08:06:31+00:00","description":"Bro\u0161ura o socijalnoj uklju\u010denosti starijih osoba nastala u sklopu projekta Izvor pomo\u0107i koji financira Ministarstvo rada, mirovinskoga sustava, obitelji i socijalne politike s ciljem pove\u0107anja kvalitete \u017eivota starijih osoba","breadcrumb":{"@id":"https:\/\/uz-izvor.hr\/brosura-o-socijalnoj-ukljucenosti-starijih-osoba-na-madarskom-jeziku\/#breadcrumb"},"inLanguage":"en-US","potentialAction":[{"@type":"ReadAction","target":["https:\/\/uz-izvor.hr\/brosura-o-socijalnoj-ukljucenosti-starijih-osoba-na-madarskom-jeziku\/"]}]},{"@type":"ImageObject","inLanguage":"en-US","@id":"https:\/\/uz-izvor.hr\/brosura-o-socijalnoj-ukljucenosti-starijih-osoba-na-madarskom-jeziku\/#primaryimage","url":"https:\/\/uz-izvor.hr\/wp-content\/uploads\/2023\/05\/Brosura-na-madarskom-Featured.jpg","contentUrl":"https:\/\/uz-izvor.hr\/wp-content\/uploads\/2023\/05\/Brosura-na-madarskom-Featured.jpg","width":800,"height":600},{"@type":"BreadcrumbList","@id":"https:\/\/uz-izvor.hr\/brosura-o-socijalnoj-ukljucenosti-starijih-osoba-na-madarskom-jeziku\/#breadcrumb","itemListElement":[{"@type":"ListItem","position":1,"name":"Po\u010detna stranica","item":"https:\/\/uz-izvor.hr\/"},{"@type":"ListItem","position":2,"name":"Bro\u0161ura o socijalnoj uklju\u010denosti starijih osoba na ma\u0111arskom jeziku"}]},{"@type":"WebSite","@id":"https:\/\/uz-izvor.hr\/#website","url":"https:\/\/uz-izvor.hr\/","name":"Udruga \u017eena \"Izvor\"","description":"Web stranica udruge \u017eena &quot;Izvor&quot;","publisher":{"@id":"https:\/\/uz-izvor.hr\/#organization"},"potentialAction":[{"@type":"SearchAction","target":{"@type":"EntryPoint","urlTemplate":"https:\/\/uz-izvor.hr\/?s={search_term_string}"},"query-input":{"@type":"PropertyValueSpecification","valueRequired":true,"valueName":"search_term_string"}}],"inLanguage":"en-US"},{"@type":"Organization","@id":"https:\/\/uz-izvor.hr\/#organization","name":"Udruga \u017eena \"Izvor\"","url":"https:\/\/uz-izvor.hr\/","logo":{"@type":"ImageObject","inLanguage":"en-US","@id":"https:\/\/uz-izvor.hr\/#\/schema\/logo\/image\/","url":"https:\/\/uz-izvor.hr\/wp-content\/uploads\/2024\/03\/Izvor-logo-header-2.png","contentUrl":"https:\/\/uz-izvor.hr\/wp-content\/uploads\/2024\/03\/Izvor-logo-header-2.png","width":356,"height":78,"caption":"Udruga \u017eena \"Izvor\""},"image":{"@id":"https:\/\/uz-izvor.hr\/#\/schema\/logo\/image\/"},"sameAs":["https:\/\/www.facebook.com\/profile.php?id=100090681250286"]},{"@type":"Person","@id":"https:\/\/uz-izvor.hr\/#\/schema\/person\/ba3079113f8461ad4f1be4299dcb27ba","name":"Udruga \u017eena Izvor","image":{"@type":"ImageObject","inLanguage":"en-US","@id":"https:\/\/secure.gravatar.com\/avatar\/3eb043bed2aed6aa8304ef00eeab275b74962114ec00776c9bc002105df5d9b0?s=96&d=mm&r=g","url":"https:\/\/secure.gravatar.com\/avatar\/3eb043bed2aed6aa8304ef00eeab275b74962114ec00776c9bc002105df5d9b0?s=96&d=mm&r=g","contentUrl":"https:\/\/secure.gravatar.com\/avatar\/3eb043bed2aed6aa8304ef00eeab275b74962114ec00776c9bc002105df5d9b0?s=96&d=mm&r=g","caption":"Udruga \u017eena Izvor"},"url":"https:\/\/uz-izvor.hr\/en\/author\/udruga-zena-izvor\/"}]}},"_links":{"self":[{"href":"https:\/\/uz-izvor.hr\/en\/wp-json\/wp\/v2\/posts\/1039","targetHints":{"allow":["GET"]}}],"collection":[{"href":"https:\/\/uz-izvor.hr\/en\/wp-json\/wp\/v2\/posts"}],"about":[{"href":"https:\/\/uz-izvor.hr\/en\/wp-json\/wp\/v2\/types\/post"}],"author":[{"embeddable":true,"href":"https:\/\/uz-izvor.hr\/en\/wp-json\/wp\/v2\/users\/2"}],"replies":[{"embeddable":true,"href":"https:\/\/uz-izvor.hr\/en\/wp-json\/wp\/v2\/comments?post=1039"}],"version-history":[{"count":2,"href":"https:\/\/uz-izvor.hr\/en\/wp-json\/wp\/v2\/posts\/1039\/revisions"}],"predecessor-version":[{"id":3088,"href":"https:\/\/uz-izvor.hr\/en\/wp-json\/wp\/v2\/posts\/1039\/revisions\/3088"}],"wp:featuredmedia":[{"embeddable":true,"href":"https:\/\/uz-izvor.hr\/en\/wp-json\/wp\/v2\/media\/3086"}],"wp:attachment":[{"href":"https:\/\/uz-izvor.hr\/en\/wp-json\/wp\/v2\/media?parent=1039"}],"wp:term":[{"taxonomy":"category","embeddable":true,"href":"https:\/\/uz-izvor.hr\/en\/wp-json\/wp\/v2\/categories?post=1039"},{"taxonomy":"post_tag","embeddable":true,"href":"https:\/\/uz-izvor.hr\/en\/wp-json\/wp\/v2\/tags?post=1039"}],"curies":[{"name":"wp","href":"https:\/\/api.w.org\/{rel}","templated":true}]}}